{"id":141499,"date":"2019-06-06T06:00:16","date_gmt":"2019-06-06T09:00:16","guid":{"rendered":"https:\/\/diarioregionaldigital.com.br\/?p=141499"},"modified":"2019-06-05T19:12:51","modified_gmt":"2019-06-05T22:12:51","slug":"prefeitura-municipal-de-santana-do-deserto-licitacao-no-078-06-06-19","status":"publish","type":"post","link":"https:\/\/diarioregionaldigital.com.br\/?p=141499","title":{"rendered":"Prefeitura Municipal de Santana do Deserto &#8211; Licita\u00e7\u00e3o n\u00ba 078 &#8211; 06\/06\/19"},"content":{"rendered":"<p style=\"text-align: center;\"><strong>Prefeitura Municipal de Santana do Deserto<\/strong><\/p>\n<p style=\"text-align: center;\">RETIFICA\u00c7\u00c3O &#8211; Licita\u00e7\u00e3o n\u00b0 078\/2019 &#8211; PP n\u00b0 12\/2019 PARA REGISTRO DE PRE\u00c7OS &#8211; O Munic\u00edpio de Santana do Deserto, na forma da lei, faz saber que houve altera\u00e7\u00f5es de itens no Anexo I e no Modelo de Proposta de Pre\u00e7os do Edital e que altera tamb\u00e9m a data de abertura da sess\u00e3o para o dia 25\/06\/2019 \u00e0s 09h00min, na Prefeitura, na sala de licita\u00e7\u00e3o, localizada \u00e0 P\u00e7a. Mauro Roquete Pinto, Santana do Deserto. O Edital Retificado se encontra a disposi\u00e7\u00e3o de todos na Prefeitura, ou em:\u00a0<a href=\"mailto:licitacao@santanadodeserto.mg.gov.br\">licitacao@santanadodeserto.mg.gov.br<\/a><\/p>\n","protected":false},"excerpt":{"rendered":"<p>Prefeitura Municipal de Santana do Deserto RETIFICA\u00c7\u00c3O &#8211; Licita\u00e7\u00e3o n\u00b0 078\/2019 &#8211; PP n\u00b0 12\/2019 PARA REGISTRO DE PRE\u00c7OS &#8211; O Munic\u00edpio de Santana do Deserto, na forma da lei, faz saber que houve altera\u00e7\u00f5es de itens no Anexo I e no Modelo de Proposta de Pre\u00e7os do Edital e que altera tamb\u00e9m a data [&hellip;]<\/p>\n","protected":false},"author":96,"featured_media":0,"comment_status":"closed","ping_status":"closed","sticky":false,"template":"","format":"standard","meta":{"footnotes":""},"categories":[307],"tags":[],"class_list":["post-141499","post","type-post","status-publish","format-standard","hentry","category-editais"],"_links":{"self":[{"href":"https:\/\/diarioregionaldigital.com.br\/index.php?rest_route=\/wp\/v2\/posts\/141499","targetHints":{"allow":["GET"]}}],"collection":[{"href":"https:\/\/diarioregionaldigital.com.br\/index.php?rest_route=\/wp\/v2\/posts"}],"about":[{"href":"https:\/\/diarioregionaldigital.com.br\/index.php?rest_route=\/wp\/v2\/types\/post"}],"author":[{"embeddable":true,"href":"https:\/\/diarioregionaldigital.com.br\/index.php?rest_route=\/wp\/v2\/users\/96"}],"replies":[{"embeddable":true,"href":"https:\/\/diarioregionaldigital.com.br\/index.php?rest_route=%2Fwp%2Fv2%2Fcomments&post=141499"}],"version-history":[{"count":0,"href":"https:\/\/diarioregionaldigital.com.br\/index.php?rest_route=\/wp\/v2\/posts\/141499\/revisions"}],"wp:attachment":[{"href":"https:\/\/diarioregionaldigital.com.br\/index.php?rest_route=%2Fwp%2Fv2%2Fmedia&parent=141499"}],"wp:term":[{"taxonomy":"category","embeddable":true,"href":"https:\/\/diarioregionaldigital.com.br\/index.php?rest_route=%2Fwp%2Fv2%2Fcategories&post=141499"},{"taxonomy":"post_tag","embeddable":true,"href":"https:\/\/diarioregionaldigital.com.br\/index.php?rest_route=%2Fwp%2Fv2%2Ftags&post=141499"}],"curies":[{"name":"wp","href":"https:\/\/api.w.org\/{rel}","templated":true}]}}