{"id":141493,"date":"2019-06-06T06:00:30","date_gmt":"2019-06-06T09:00:30","guid":{"rendered":"https:\/\/diarioregionaldigital.com.br\/?p=141493"},"modified":"2019-06-06T18:06:20","modified_gmt":"2019-06-06T21:06:20","slug":"na-pauta-2","status":"publish","type":"post","link":"https:\/\/diarioregionaldigital.com.br\/?p=141493","title":{"rendered":"Na Pauta"},"content":{"rendered":"<p style=\"text-align: center;\"><strong>Na Pauta<\/strong><\/p>\n<p style=\"text-align: center;\">O Sebrae Minas est\u00e1 promovendo, durante esta semana, atividades de capacita\u00e7\u00e3o para empres\u00e1rios em Juiz de Fora. A agenda conta com semin\u00e1rios, palestras, cursos, consultorias oficinas, com algumas capacita\u00e7\u00f5es gratuitas e outras op\u00e7\u00f5es variando entre R$30 e R$230.<\/p>\n<p style=\"text-align: center;\"><strong>Na Moda<\/strong><\/p>\n<p style=\"text-align: center;\">Com um trabalho bem recortado, a loja Arpel no Spazio Desing \u00e9 um sucesso s\u00f3. Influenciado pelo bom gosto de Mariana e Eduardo Delmonte, os looks e acess\u00f3rios de inverno est\u00e3o vestindo as mulheres mais elegantes da cidade.<\/p>\n<p style=\"text-align: center;\"><strong>Up<\/strong><\/p>\n<p style=\"text-align: center;\">O super show do cantor Djavan no dia 7 de junho, \u00e0s 20h30, no Cine-Theatro Central. Imperd\u00edvel.<\/p>\n<p style=\"text-align: center;\"><strong>Dia dos Namorados<\/strong><\/p>\n<p style=\"text-align: center;\">O Trade Hotel faz o maior sucesso em Juiz de Fora e lan\u00e7ou pacote para o Dia dos Namorados. Os casais apaixonados poder\u00e3o aproveitar a data com card\u00e1pio exclusivo e ainda pernoitar em uma das su\u00edtes, que ser\u00e3o especialmente decoradas para que a noite seja inesquec\u00edvel.<\/p>\n<p style=\"text-align: center;\"><strong>Novidade<\/strong><\/p>\n<p style=\"text-align: center;\">Em boa hora a Caixa Econ\u00f4mica Federal anunciar\u00e1 dentro de um m\u00eas um programa de renegocia\u00e7\u00e3o de d\u00edvidas para os mutu\u00e1rios da casa pr\u00f3pria que est\u00e3o inadimplentes. A medida, segundo fontes do banco, vai beneficiar at\u00e9 600 mil clientes que est\u00e3o com as presta\u00e7\u00f5es atrasadas h\u00e1 mais de 90 dias e correm o risco de perder a moradia.<\/p>\n<div id=\"attachment_141490\" style=\"width: 690px\" class=\"wp-caption aligncenter\"><img loading=\"lazy\" decoding=\"async\" aria-describedby=\"caption-attachment-141490\" class=\"wp-image-141490\" src=\"https:\/\/diarioregionaldigital.com.br\/wp-content\/uploads\/2019\/06\/fotoaa-1.jpg\" alt=\"\" width=\"680\" height=\"421\" srcset=\"https:\/\/diarioregionaldigital.com.br\/wp-content\/uploads\/2019\/06\/fotoaa-1.jpg 1764w, https:\/\/diarioregionaldigital.com.br\/wp-content\/uploads\/2019\/06\/fotoaa-1-300x186.jpg 300w, https:\/\/diarioregionaldigital.com.br\/wp-content\/uploads\/2019\/06\/fotoaa-1-768x475.jpg 768w, https:\/\/diarioregionaldigital.com.br\/wp-content\/uploads\/2019\/06\/fotoaa-1-1024x634.jpg 1024w, https:\/\/diarioregionaldigital.com.br\/wp-content\/uploads\/2019\/06\/fotoaa-1-360x223.jpg 360w\" sizes=\"auto, (max-width: 680px) 100vw, 680px\" \/><p id=\"caption-attachment-141490\" class=\"wp-caption-text\">Dois tempos do maquiador 5 estrelas do momento. Lissandro Reis com: Eduardo Gomes no Sal\u00e3o MS e modelando para Kayau\u00ea com Maria Eduarda Corradi (foto Luciana Jobim)<\/p><\/div>\n<div id=\"attachment_141488\" style=\"width: 690px\" class=\"wp-caption aligncenter\"><img loading=\"lazy\" decoding=\"async\" aria-describedby=\"caption-attachment-141488\" class=\"wp-image-141488\" src=\"https:\/\/diarioregionaldigital.com.br\/wp-content\/uploads\/2019\/06\/fotoi-2.jpg\" alt=\"\" width=\"680\" height=\"448\" srcset=\"https:\/\/diarioregionaldigital.com.br\/wp-content\/uploads\/2019\/06\/fotoi-2.jpg 1776w, https:\/\/diarioregionaldigital.com.br\/wp-content\/uploads\/2019\/06\/fotoi-2-300x198.jpg 300w, https:\/\/diarioregionaldigital.com.br\/wp-content\/uploads\/2019\/06\/fotoi-2-768x506.jpg 768w, https:\/\/diarioregionaldigital.com.br\/wp-content\/uploads\/2019\/06\/fotoi-2-1024x675.jpg 1024w, https:\/\/diarioregionaldigital.com.br\/wp-content\/uploads\/2019\/06\/fotoi-2-1440x950.jpg 1440w, https:\/\/diarioregionaldigital.com.br\/wp-content\/uploads\/2019\/06\/fotoi-2-360x237.jpg 360w\" sizes=\"auto, (max-width: 680px) 100vw, 680px\" \/><p id=\"caption-attachment-141488\" class=\"wp-caption-text\">Na Souza Gomes Im\u00f3veis, os empres\u00e1rios Victor Souza Gomes e Luis Ant\u00f4nio Horta<\/p><\/div>\n<div id=\"attachment_141487\" style=\"width: 690px\" class=\"wp-caption aligncenter\"><img loading=\"lazy\" decoding=\"async\" aria-describedby=\"caption-attachment-141487\" class=\"wp-image-141487\" src=\"https:\/\/diarioregionaldigital.com.br\/wp-content\/uploads\/2019\/06\/fotohh-e1559772309638.jpg\" alt=\"\" width=\"680\" height=\"498\" srcset=\"https:\/\/diarioregionaldigital.com.br\/wp-content\/uploads\/2019\/06\/fotohh-e1559772309638.jpg 992w, https:\/\/diarioregionaldigital.com.br\/wp-content\/uploads\/2019\/06\/fotohh-e1559772309638-300x220.jpg 300w, https:\/\/diarioregionaldigital.com.br\/wp-content\/uploads\/2019\/06\/fotohh-e1559772309638-768x563.jpg 768w, https:\/\/diarioregionaldigital.com.br\/wp-content\/uploads\/2019\/06\/fotohh-e1559772309638-360x264.jpg 360w\" sizes=\"auto, (max-width: 680px) 100vw, 680px\" \/><p id=\"caption-attachment-141487\" class=\"wp-caption-text\">Preferido deste colunista para close, o amigo Caio Penha<\/p><\/div>\n<div id=\"attachment_141486\" style=\"width: 690px\" class=\"wp-caption aligncenter\"><img loading=\"lazy\" decoding=\"async\" aria-describedby=\"caption-attachment-141486\" class=\"wp-image-141486\" src=\"https:\/\/diarioregionaldigital.com.br\/wp-content\/uploads\/2019\/06\/fotog-2-e1559772282195.jpg\" alt=\"\" width=\"680\" height=\"579\" srcset=\"https:\/\/diarioregionaldigital.com.br\/wp-content\/uploads\/2019\/06\/fotog-2-e1559772282195.jpg 1176w, https:\/\/diarioregionaldigital.com.br\/wp-content\/uploads\/2019\/06\/fotog-2-e1559772282195-300x255.jpg 300w, https:\/\/diarioregionaldigital.com.br\/wp-content\/uploads\/2019\/06\/fotog-2-e1559772282195-768x654.jpg 768w, https:\/\/diarioregionaldigital.com.br\/wp-content\/uploads\/2019\/06\/fotog-2-e1559772282195-1024x872.jpg 1024w, https:\/\/diarioregionaldigital.com.br\/wp-content\/uploads\/2019\/06\/fotog-2-e1559772282195-360x306.jpg 360w\" sizes=\"auto, (max-width: 680px) 100vw, 680px\" \/><p id=\"caption-attachment-141486\" class=\"wp-caption-text\">Reis do ziriguidum em JF, Fabinho Esteves e Fabiana Baldioti<\/p><\/div>\n<div id=\"attachment_141482\" style=\"width: 690px\" class=\"wp-caption aligncenter\"><img loading=\"lazy\" decoding=\"async\" aria-describedby=\"caption-attachment-141482\" class=\"wp-image-141482\" src=\"https:\/\/diarioregionaldigital.com.br\/wp-content\/uploads\/2019\/06\/fotoc-2.jpg\" alt=\"\" width=\"680\" height=\"448\" srcset=\"https:\/\/diarioregionaldigital.com.br\/wp-content\/uploads\/2019\/06\/fotoc-2.jpg 1763w, https:\/\/diarioregionaldigital.com.br\/wp-content\/uploads\/2019\/06\/fotoc-2-300x198.jpg 300w, https:\/\/diarioregionaldigital.com.br\/wp-content\/uploads\/2019\/06\/fotoc-2-768x506.jpg 768w, https:\/\/diarioregionaldigital.com.br\/wp-content\/uploads\/2019\/06\/fotoc-2-1024x674.jpg 1024w, https:\/\/diarioregionaldigital.com.br\/wp-content\/uploads\/2019\/06\/fotoc-2-1440x950.jpg 1440w, https:\/\/diarioregionaldigital.com.br\/wp-content\/uploads\/2019\/06\/fotoc-2-360x237.jpg 360w\" sizes=\"auto, (max-width: 680px) 100vw, 680px\" \/><p id=\"caption-attachment-141482\" class=\"wp-caption-text\">No Rio de Janeiro, a carioca Claudia Oliveira Costa com o designer Gustavo Caldas<\/p><\/div>\n<div id=\"attachment_141484\" style=\"width: 690px\" class=\"wp-caption aligncenter\"><img loading=\"lazy\" decoding=\"async\" aria-describedby=\"caption-attachment-141484\" class=\"wp-image-141484\" src=\"https:\/\/diarioregionaldigital.com.br\/wp-content\/uploads\/2019\/06\/fotoe-2-e1559772387457.jpg\" alt=\"\" width=\"680\" height=\"502\" srcset=\"https:\/\/diarioregionaldigital.com.br\/wp-content\/uploads\/2019\/06\/fotoe-2-e1559772387457.jpg 1191w, https:\/\/diarioregionaldigital.com.br\/wp-content\/uploads\/2019\/06\/fotoe-2-e1559772387457-300x222.jpg 300w, https:\/\/diarioregionaldigital.com.br\/wp-content\/uploads\/2019\/06\/fotoe-2-e1559772387457-768x567.jpg 768w, https:\/\/diarioregionaldigital.com.br\/wp-content\/uploads\/2019\/06\/fotoe-2-e1559772387457-1024x757.jpg 1024w, https:\/\/diarioregionaldigital.com.br\/wp-content\/uploads\/2019\/06\/fotoe-2-e1559772387457-360x266.jpg 360w\" sizes=\"auto, (max-width: 680px) 100vw, 680px\" \/><p id=\"caption-attachment-141484\" class=\"wp-caption-text\">Em S\u00e3o Paulo, Dan Gaeta \u00e9 paparicado pela m\u00e3e Ros\u00e2ngela Gaeta de Oliveira<\/p><\/div>\n<div id=\"attachment_141485\" style=\"width: 690px\" class=\"wp-caption aligncenter\"><img loading=\"lazy\" decoding=\"async\" aria-describedby=\"caption-attachment-141485\" class=\"wp-image-141485\" src=\"https:\/\/diarioregionaldigital.com.br\/wp-content\/uploads\/2019\/06\/fotof-2-e1559772359474.jpg\" alt=\"\" width=\"680\" height=\"487\" srcset=\"https:\/\/diarioregionaldigital.com.br\/wp-content\/uploads\/2019\/06\/fotof-2-e1559772359474.jpg 1173w, https:\/\/diarioregionaldigital.com.br\/wp-content\/uploads\/2019\/06\/fotof-2-e1559772359474-300x215.jpg 300w, https:\/\/diarioregionaldigital.com.br\/wp-content\/uploads\/2019\/06\/fotof-2-e1559772359474-768x550.jpg 768w, https:\/\/diarioregionaldigital.com.br\/wp-content\/uploads\/2019\/06\/fotof-2-e1559772359474-1024x733.jpg 1024w, https:\/\/diarioregionaldigital.com.br\/wp-content\/uploads\/2019\/06\/fotof-2-e1559772359474-360x258.jpg 360w\" sizes=\"auto, (max-width: 680px) 100vw, 680px\" \/><p id=\"caption-attachment-141485\" class=\"wp-caption-text\">No auge de seus 25 anos, o lind\u00e3o Gabriel Carelli<\/p><\/div>\n<div id=\"attachment_141483\" style=\"width: 690px\" class=\"wp-caption aligncenter\"><img loading=\"lazy\" decoding=\"async\" aria-describedby=\"caption-attachment-141483\" class=\"wp-image-141483\" src=\"https:\/\/diarioregionaldigital.com.br\/wp-content\/uploads\/2019\/06\/fotod-2-e1559772420992.jpg\" alt=\"\" width=\"680\" height=\"453\" srcset=\"https:\/\/diarioregionaldigital.com.br\/wp-content\/uploads\/2019\/06\/fotod-2-e1559772420992.jpg 1152w, https:\/\/diarioregionaldigital.com.br\/wp-content\/uploads\/2019\/06\/fotod-2-e1559772420992-300x200.jpg 300w, https:\/\/diarioregionaldigital.com.br\/wp-content\/uploads\/2019\/06\/fotod-2-e1559772420992-768x511.jpg 768w, https:\/\/diarioregionaldigital.com.br\/wp-content\/uploads\/2019\/06\/fotod-2-e1559772420992-1024x682.jpg 1024w, https:\/\/diarioregionaldigital.com.br\/wp-content\/uploads\/2019\/06\/fotod-2-e1559772420992-360x240.jpg 360w\" sizes=\"auto, (max-width: 680px) 100vw, 680px\" \/><p id=\"caption-attachment-141483\" class=\"wp-caption-text\">Em momento s\u00f3cio-cultural, Elin\u00e9lia Juc\u00e1, Jean Claude Moreno Soares e Silvania Paiva Pinto<\/p><\/div>\n<div id=\"attachment_141563\" style=\"width: 690px\" class=\"wp-caption aligncenter\"><img loading=\"lazy\" decoding=\"async\" aria-describedby=\"caption-attachment-141563\" class=\"wp-image-141563\" src=\"https:\/\/diarioregionaldigital.com.br\/wp-content\/uploads\/2019\/06\/fotobb-e1559855134260.jpg\" alt=\"\" width=\"680\" height=\"475\" srcset=\"https:\/\/diarioregionaldigital.com.br\/wp-content\/uploads\/2019\/06\/fotobb-e1559855134260.jpg 382w, https:\/\/diarioregionaldigital.com.br\/wp-content\/uploads\/2019\/06\/fotobb-e1559855134260-300x210.jpg 300w, https:\/\/diarioregionaldigital.com.br\/wp-content\/uploads\/2019\/06\/fotobb-e1559855134260-360x252.jpg 360w, https:\/\/diarioregionaldigital.com.br\/wp-content\/uploads\/2019\/06\/fotobb-e1559855134260-100x70.jpg 100w\" sizes=\"auto, (max-width: 680px) 100vw, 680px\" \/><p id=\"caption-attachment-141563\" class=\"wp-caption-text\">Um close especial no bonit\u00e3o L\u00facio Fernandes.<\/p><\/div>\n<div id=\"attachment_141489\" style=\"width: 690px\" class=\"wp-caption aligncenter\"><img loading=\"lazy\" decoding=\"async\" aria-describedby=\"caption-attachment-141489\" class=\"wp-image-141489\" src=\"https:\/\/diarioregionaldigital.com.br\/wp-content\/uploads\/2019\/06\/fotoj-1.jpg\" alt=\"\" width=\"680\" height=\"451\" srcset=\"https:\/\/diarioregionaldigital.com.br\/wp-content\/uploads\/2019\/06\/fotoj-1.jpg 1764w, https:\/\/diarioregionaldigital.com.br\/wp-content\/uploads\/2019\/06\/fotoj-1-300x199.jpg 300w, https:\/\/diarioregionaldigital.com.br\/wp-content\/uploads\/2019\/06\/fotoj-1-768x509.jpg 768w, https:\/\/diarioregionaldigital.com.br\/wp-content\/uploads\/2019\/06\/fotoj-1-1024x679.jpg 1024w, https:\/\/diarioregionaldigital.com.br\/wp-content\/uploads\/2019\/06\/fotoj-1-360x239.jpg 360w\" sizes=\"auto, (max-width: 680px) 100vw, 680px\" \/><p id=\"caption-attachment-141489\" class=\"wp-caption-text\">Na Mesa de Debates pela TVE no YouTube, S\u00e9rgio Carvalho J\u00fanior, Myrlene Santiago, Caio Z\u00f3ia e Cintia Nunes<\/p><\/div>\n<p style=\"text-align: center;\"><strong>FOTOSS\u00cdNTESE<\/strong><\/p>\n<p>Em estilo diferente vai acontecer no dia 8 de junho, de 10h \u00e0s 17h, o Bazar Vintage no C\u00edrculo Militar.<\/p>\n<p>Bonita e solid\u00e1ria, a jovem presidente do Lact\u00e1rio S\u00e3o Jos\u00e9 das Damas Protetoras da Inf\u00e2ncia (ADPI), Ana Teresa Dias Albino Destro de Macedo, convida para sua formatura em Medicina pela UFJF. Comemora com Missa em a\u00e7\u00e3o de gra\u00e7as, \u00e0s 19h e jantar dan\u00e7ante \u00e0s 20h, no C\u00edrculo Militar. Quando julho chegar. Breve detalhes.<\/p>\n<p>Linda e super carism\u00e1tica, a Miss Brasil 2019, J\u00falia Horta, recebeu todas as homenagens de vulto em Juiz de Fora culminando com a maior honraria do munic\u00edpio, o M\u00e9rito Comendador Henrique Guilherme Fernando Halfeld.<\/p>\n<p>A elegante Nereida Morais e as volunt\u00e1rias do grupo GAC doaram fraldas para o Lar Luiza de Marillac, em a\u00e7\u00e3o do \u201cGrupo de Amigos da Cultura\u201d.<\/p>\n<p>A Hemominas promoveu a carreata \u201cDoe Sangue, Doe Vida\u201d e precisa de doadores. Eu j\u00e1 fiz minha parte, fa\u00e7a a sua!<\/p>\n<p>Para o dia 8 de junho, \u00e0s 14h, vai rolar no Estacionamento do Cascatinha, o Arraia da Ascomcer.<\/p>\n<p>Tem gente achando que a dengue \u00e9 brincadeira, mas n\u00e3o \u00e9 n\u00e3o. Limpar quintais, retirar entulhos, tampar caixa d\u2019\u00e1gua, plantas e pneus. Tudo limpo j\u00e1, sen\u00e3o o terr\u00edvel inseto vem e j\u00e1 era.<\/p>\n<p>Agendado para os dias 15 e 16 de junho no Aeroporto Municipal Francisco Alvares de Assis (Serrinha) o evento Aerofest 2019. Vai ter shows a\u00e9reos, exposi\u00e7\u00f5es, m\u00fasica, gastronomia e cervejarias artesanais. A novidade \u00e9 a Aerofeira com vestu\u00e1rio, acess\u00f3rios, decora\u00e7\u00e3o, plantas e biocosm\u00e9ticos.<\/p>\n<p>Para interagir: \u201cConseguir fazer as pessoas pagarem a l\u00edngua, \u00e9 maravilhoso\u201d (Gloria Groove). Bom dia Brasil!<\/p>\n<p><img loading=\"lazy\" decoding=\"async\" class=\"aligncenter size-full wp-image-141561\" src=\"https:\/\/diarioregionaldigital.com.br\/wp-content\/uploads\/2019\/06\/anuncio4.jpg\" alt=\"\" width=\"1739\" height=\"653\" srcset=\"https:\/\/diarioregionaldigital.com.br\/wp-content\/uploads\/2019\/06\/anuncio4.jpg 1739w, https:\/\/diarioregionaldigital.com.br\/wp-content\/uploads\/2019\/06\/anuncio4-300x113.jpg 300w, https:\/\/diarioregionaldigital.com.br\/wp-content\/uploads\/2019\/06\/anuncio4-768x288.jpg 768w, https:\/\/diarioregionaldigital.com.br\/wp-content\/uploads\/2019\/06\/anuncio4-1024x385.jpg 1024w, https:\/\/diarioregionaldigital.com.br\/wp-content\/uploads\/2019\/06\/anuncio4-360x135.jpg 360w\" sizes=\"auto, (max-width: 1739px) 100vw, 1739px\" \/><\/p>\n","protected":false},"excerpt":{"rendered":"<p>Na Pauta O Sebrae Minas est\u00e1 promovendo, durante esta semana, atividades de capacita\u00e7\u00e3o para empres\u00e1rios em Juiz de Fora. A agenda conta com semin\u00e1rios, palestras, cursos, consultorias oficinas, com algumas capacita\u00e7\u00f5es gratuitas e outras op\u00e7\u00f5es variando entre R$30 e R$230. Na Moda Com um trabalho bem recortado, a loja Arpel no Spazio Desing \u00e9 um [&hellip;]<\/p>\n","protected":false},"author":96,"featured_media":141490,"comment_status":"closed","ping_status":"closed","sticky":false,"template":"","format":"standard","meta":{"footnotes":""},"categories":[264],"tags":[],"class_list":["post-141493","post","type-post","status-publish","format-standard","has-post-thumbnail","hentry","category-eduardo-gomes"],"_links":{"self":[{"href":"https:\/\/diarioregionaldigital.com.br\/index.php?rest_route=\/wp\/v2\/posts\/141493","targetHints":{"allow":["GET"]}}],"collection":[{"href":"https:\/\/diarioregionaldigital.com.br\/index.php?rest_route=\/wp\/v2\/posts"}],"about":[{"href":"https:\/\/diarioregionaldigital.com.br\/index.php?rest_route=\/wp\/v2\/types\/post"}],"author":[{"embeddable":true,"href":"https:\/\/diarioregionaldigital.com.br\/index.php?rest_route=\/wp\/v2\/users\/96"}],"replies":[{"embeddable":true,"href":"https:\/\/diarioregionaldigital.com.br\/index.php?rest_route=%2Fwp%2Fv2%2Fcomments&post=141493"}],"version-history":[{"count":0,"href":"https:\/\/diarioregionaldigital.com.br\/index.php?rest_route=\/wp\/v2\/posts\/141493\/revisions"}],"wp:featuredmedia":[{"embeddable":true,"href":"https:\/\/diarioregionaldigital.com.br\/index.php?rest_route=\/wp\/v2\/media\/141490"}],"wp:attachment":[{"href":"https:\/\/diarioregionaldigital.com.br\/index.php?rest_route=%2Fwp%2Fv2%2Fmedia&parent=141493"}],"wp:term":[{"taxonomy":"category","embeddable":true,"href":"https:\/\/diarioregionaldigital.com.br\/index.php?rest_route=%2Fwp%2Fv2%2Fcategories&post=141493"},{"taxonomy":"post_tag","embeddable":true,"href":"https:\/\/diarioregionaldigital.com.br\/index.php?rest_route=%2Fwp%2Fv2%2Ftags&post=141493"}],"curies":[{"name":"wp","href":"https:\/\/api.w.org\/{rel}","templated":true}]}}