{"id":141294,"date":"2019-06-01T08:08:31","date_gmt":"2019-06-01T11:08:31","guid":{"rendered":"https:\/\/diarioregionaldigital.com.br\/?p=141294"},"modified":"2019-06-01T08:08:31","modified_gmt":"2019-06-01T11:08:31","slug":"divulgadas-as-atracoes-do-aerofest-2019","status":"publish","type":"post","link":"https:\/\/diarioregionaldigital.com.br\/?p=141294","title":{"rendered":"Divulgadas as atra\u00e7\u00f5es do Aerofest 2019"},"content":{"rendered":"<p>Shows a\u00e9reos, exposi\u00e7\u00f5es, m\u00fasica, gastronomia e a presen\u00e7a especial das cervejas artesanais da cidade e regi\u00e3o far\u00e3o parte das comemora\u00e7\u00f5es do 169\u00ba anivers\u00e1rio de Juiz de Fora, em dois dias de festa, no Aeroporto Municipal \u201cFrancisco \u00c1lvares de Assis\u201d (Serrinha). O Aerofest 2019 acontecer\u00e1 em 15 e 16 de junho, celebrando, tamb\u00e9m, os 81 anos do Aeroclube de Juiz de Fora e os 41 da Associa\u00e7\u00e3o Juiz-forana de Modelismo (Ajam), com entrada gratuita para toda a popula\u00e7\u00e3o.<\/p>\n<p>Sucesso no ano passado, as apresenta\u00e7\u00f5es de aeromodelismo est\u00e3o confirmadas para os dois dias de evento, com avi\u00f5es em miniatura, que d\u00e3o aos praticantes da atividade a oportunidade de \u201cvoar com os p\u00e9s no ch\u00e3o\u201d. Saltos de paraquedistas tamb\u00e9m poder\u00e3o ser acompanhados. Na \u00e1rea externa do aeroporto,haver\u00e1 grande encontro gastron\u00f4mico e mais de 80 torneiras de cervejas artesanais produzidas na cidade e regi\u00e3o. O espa\u00e7o tamb\u00e9m contar\u00e1 com \u201c\u00e1rea kids\u201d, para a divers\u00e3o das crian\u00e7as.<\/p>\n<p><b>Evento ter\u00e1 novidades<\/b><\/p>\n<p>Novidade em 2019, a \u201cAerofeira\u201d reunir\u00e1 dez marcas de vestu\u00e1rio, acess\u00f3rios, decora\u00e7\u00e3o, plantas e biocosm\u00e9ticos. O embalo ficar\u00e1 por conta de um encontro de DJs de vinil, que ter\u00e1, no s\u00e1bado, 15, Alex Paz, Gramboy e Pedro Paiva. No domingo, 16, Tuta, Snup in e Marcelo Castro. Al\u00e9m de aeronaves, o Aerofest receber\u00e1 o \u201cEncontro de Autom\u00f3veis Antigos\u201d, com exposi\u00e7\u00e3o de diversos cl\u00e1ssicos automotivos.<\/p>\n<p>Nesta edi\u00e7\u00e3o do Aerofest, os visitantes tamb\u00e9m ter\u00e3o oportunidade de experimentar a sensa\u00e7\u00e3o de voar e conhecer a cidade por outra perspectiva. O Aeroclube de Juiz de Fora oferecer\u00e1 voos panor\u00e2micos por R$ 380, para tr\u00eas pessoas, durante os dois dias de evento.<\/p>\n<p><b>\u201cEsquadrilha da Fuma\u00e7a\u201d realizar\u00e1 15\u00aa demonstra\u00e7\u00e3o em Juiz de Fora<\/b><\/p>\n<p>O Esquadr\u00e3o de Demonstra\u00e7\u00e3o A\u00e9rea da For\u00e7a A\u00e9rea Brasileira (EDA\/FAB) \u2013 a \u201cEsquadrilha da Fuma\u00e7a\u201d, far\u00e1 sua 15\u00aa apresenta\u00e7\u00e3o na cidade, durante o Aerofest 2019. A chegada dos avi\u00f5es est\u00e1 prevista para as 11 horas, no Aeroporto da Serrinha. A demonstra\u00e7\u00e3o acontecer\u00e1 \u00e0s 15h30, com dura\u00e7\u00e3o aproximada de 35 minutos e cerca de 50 acrobacias.<\/p>\n<p>A primeira apresenta\u00e7\u00e3o da \u201cEsquadrilha da Fuma\u00e7a\u201d em Juiz de Fora aconteceu em 1987. Com mais de 3.800 demonstra\u00e7\u00f5es realizadas no Brasil e em 21 pa\u00edses, a \u201cFuma\u00e7a\u201d representa para milhares de pessoas a oportunidade de ter contato, de maneira emocionante, com a FAB.<\/p>\n<p>Toda apresenta\u00e7\u00e3o conta com sete pilotos em sete aeronaves. Cada posi\u00e7\u00e3o de voo tem uma fun\u00e7\u00e3o espec\u00edfica. Um oitavo piloto fica em solo, realizando a locu\u00e7\u00e3o. As miss\u00f5es tamb\u00e9m podem contar com avi\u00e3o de apoio de v\u00e1rios esquadr\u00f5es da FAB, para transporte de equipe e material.<\/p>\n<p><b>Sobre o Aerofest<\/b><\/p>\n<p>A primeira edi\u00e7\u00e3o do \u201cAerofest \u2013 Um Brinde a JF\u201d foi em agosto de 2018. Durante dois dias, a programa\u00e7\u00e3o, que incluiu exposi\u00e7\u00f5es de avi\u00f5es antigos, apresenta\u00e7\u00e3o de acrobacias, voos de aeromodelos e paraquedismo, al\u00e9m de demonstra\u00e7\u00e3o da \u201cEsquadrilha da Fuma\u00e7a\u201d, atraiu cerca de 40 mil pessoas ao Aeroporto da Serrinha.<\/p>\n<p>A realiza\u00e7\u00e3o do evento foi, ainda, oportunidade de refor\u00e7ar a rela\u00e7\u00e3o da cidade com o aeroporto e a avia\u00e7\u00e3o, considerando que o munic\u00edpio tem papel de destaque na forma\u00e7\u00e3o de pilotos no Brasil e no mundo.<\/p>\n<p>O evento \u00e9 realiza\u00e7\u00e3o do Aeroclube de Juiz de Fora, Ajam, AMD Services e Prefeitura de Juiz de Fora (PJF). Produ\u00e7\u00e3o: Rodamundo Produ\u00e7\u00f5es.<\/p>\n<p>Fonte: PJF<\/p>\n","protected":false},"excerpt":{"rendered":"<p>Shows a\u00e9reos, exposi\u00e7\u00f5es, m\u00fasica, gastronomia e a presen\u00e7a especial das cervejas artesanais da cidade e regi\u00e3o far\u00e3o parte das comemora\u00e7\u00f5es do 169\u00ba anivers\u00e1rio de Juiz de Fora, em dois dias de festa, no Aeroporto Municipal \u201cFrancisco \u00c1lvares de Assis\u201d (Serrinha). O Aerofest 2019 acontecer\u00e1 em 15 e 16 de junho, celebrando, tamb\u00e9m, os 81 anos [&hellip;]<\/p>\n","protected":false},"author":96,"featured_media":141295,"comment_status":"closed","ping_status":"closed","sticky":false,"template":"","format":"standard","meta":{"footnotes":""},"categories":[253,436,440,439],"tags":[],"class_list":["post-141294","post","type-post","status-publish","format-standard","has-post-thumbnail","hentry","category-cidade","category-destaque-da-semana","category-destaques-do-dia","category-ultima-hora"],"_links":{"self":[{"href":"https:\/\/diarioregionaldigital.com.br\/index.php?rest_route=\/wp\/v2\/posts\/141294","targetHints":{"allow":["GET"]}}],"collection":[{"href":"https:\/\/diarioregionaldigital.com.br\/index.php?rest_route=\/wp\/v2\/posts"}],"about":[{"href":"https:\/\/diarioregionaldigital.com.br\/index.php?rest_route=\/wp\/v2\/types\/post"}],"author":[{"embeddable":true,"href":"https:\/\/diarioregionaldigital.com.br\/index.php?rest_route=\/wp\/v2\/users\/96"}],"replies":[{"embeddable":true,"href":"https:\/\/diarioregionaldigital.com.br\/index.php?rest_route=%2Fwp%2Fv2%2Fcomments&post=141294"}],"version-history":[{"count":0,"href":"https:\/\/diarioregionaldigital.com.br\/index.php?rest_route=\/wp\/v2\/posts\/141294\/revisions"}],"wp:featuredmedia":[{"embeddable":true,"href":"https:\/\/diarioregionaldigital.com.br\/index.php?rest_route=\/wp\/v2\/media\/141295"}],"wp:attachment":[{"href":"https:\/\/diarioregionaldigital.com.br\/index.php?rest_route=%2Fwp%2Fv2%2Fmedia&parent=141294"}],"wp:term":[{"taxonomy":"category","embeddable":true,"href":"https:\/\/diarioregionaldigital.com.br\/index.php?rest_route=%2Fwp%2Fv2%2Fcategories&post=141294"},{"taxonomy":"post_tag","embeddable":true,"href":"https:\/\/diarioregionaldigital.com.br\/index.php?rest_route=%2Fwp%2Fv2%2Ftags&post=141294"}],"curies":[{"name":"wp","href":"https:\/\/api.w.org\/{rel}","templated":true}]}}