{"id":141289,"date":"2019-06-01T08:00:50","date_gmt":"2019-06-01T11:00:50","guid":{"rendered":"https:\/\/diarioregionaldigital.com.br\/?p=141289"},"modified":"2019-06-01T08:00:50","modified_gmt":"2019-06-01T11:00:50","slug":"settra-altera-transito-na-regiao-central-durante-a-marcha-para-jesus","status":"publish","type":"post","link":"https:\/\/diarioregionaldigital.com.br\/?p=141289","title":{"rendered":"Settra altera tr\u00e2nsito na regi\u00e3o central durante a \u201cMarcha Para Jesus\u201d"},"content":{"rendered":"<div id=\"box_texto_noticia\">Devido \u00e0 realiza\u00e7\u00e3o do evento \u201cMarcha Para Jesus\u201d, neste s\u00e1bado, 1\u00ba de junho, a Secretaria de Transportes e Tr\u00e2nsito (Settra) da Prefeitura de Juiz de Fora (PJF) promover\u00e1 modifica\u00e7\u00f5es no tr\u00e2nsito da regi\u00e3o central, de 13 \u00e0s 21 horas. O transporte coletivo tamb\u00e9m ser\u00e1 alterado nas ruas do percurso. As mudan\u00e7as visam proporcionar maior seguran\u00e7a aos participantes, pedestres e motoristas.<\/p>\n<p>A concentra\u00e7\u00e3o dos fi\u00e9is come\u00e7ar\u00e1 \u00e0s 13 horas, na Pra\u00e7a Ant\u00f4nio Carlos. A partir deste hor\u00e1rio, a Rua Paulo de Frontin ser\u00e1 fechada para o tr\u00e1fego de ve\u00edculos. O in\u00edcio da marcha acontecer\u00e1 \u00e0s 16 horas, com percurso nas avenidas Get\u00falio Vargas, Presidente Itamar Franco, Bar\u00e3o do Rio Branco (pista lateral, sentido Bairro Bom Pastor\/Centro) e Get\u00falio Vargas, retornando \u00e0 Pra\u00e7a Ant\u00f4nio Carlos. As vias estar\u00e3o totalmente interditadas durante o cortejo. De 16 horas em diante, a Avenida Get\u00falio Vargas, entre Rua Marechal Deodoro e Pra\u00e7a Ant\u00f4nio Carlos, tamb\u00e9m estar\u00e1 fechada.<\/p>\n<p>Os pontos de t\u00e1xi das ruas Paulo de Frontin, S\u00e3o Jo\u00e3o e Batista de Oliveira ser\u00e3o desativados a partir das 13 horas. As linhas do transporte coletivo que utilizam essas vias ter\u00e3o seu trajeto alterado. As modifica\u00e7\u00f5es podem ser conferidas no anexo.\u00a0<a href=\"https:\/\/www.pjf.mg.gov.br\/noticias\/anexo\/marcha_jesus_2019.pdf\" target=\"_blank\" rel=\"noopener\">Veja o anexo<\/a><\/div>\n<p>Fonte: PJF<\/p>\n","protected":false},"excerpt":{"rendered":"<p>Devido \u00e0 realiza\u00e7\u00e3o do evento \u201cMarcha Para Jesus\u201d, neste s\u00e1bado, 1\u00ba de junho, a Secretaria de Transportes e Tr\u00e2nsito (Settra) da Prefeitura de Juiz de Fora (PJF) promover\u00e1 modifica\u00e7\u00f5es no tr\u00e2nsito da regi\u00e3o central, de 13 \u00e0s 21 horas. O transporte coletivo tamb\u00e9m ser\u00e1 alterado nas ruas do percurso. As mudan\u00e7as visam proporcionar maior seguran\u00e7a [&hellip;]<\/p>\n","protected":false},"author":96,"featured_media":141290,"comment_status":"closed","ping_status":"closed","sticky":false,"template":"","format":"standard","meta":{"footnotes":""},"categories":[253,436,439],"tags":[],"class_list":["post-141289","post","type-post","status-publish","format-standard","has-post-thumbnail","hentry","category-cidade","category-destaque-da-semana","category-ultima-hora"],"_links":{"self":[{"href":"https:\/\/diarioregionaldigital.com.br\/index.php?rest_route=\/wp\/v2\/posts\/141289","targetHints":{"allow":["GET"]}}],"collection":[{"href":"https:\/\/diarioregionaldigital.com.br\/index.php?rest_route=\/wp\/v2\/posts"}],"about":[{"href":"https:\/\/diarioregionaldigital.com.br\/index.php?rest_route=\/wp\/v2\/types\/post"}],"author":[{"embeddable":true,"href":"https:\/\/diarioregionaldigital.com.br\/index.php?rest_route=\/wp\/v2\/users\/96"}],"replies":[{"embeddable":true,"href":"https:\/\/diarioregionaldigital.com.br\/index.php?rest_route=%2Fwp%2Fv2%2Fcomments&post=141289"}],"version-history":[{"count":0,"href":"https:\/\/diarioregionaldigital.com.br\/index.php?rest_route=\/wp\/v2\/posts\/141289\/revisions"}],"wp:featuredmedia":[{"embeddable":true,"href":"https:\/\/diarioregionaldigital.com.br\/index.php?rest_route=\/wp\/v2\/media\/141290"}],"wp:attachment":[{"href":"https:\/\/diarioregionaldigital.com.br\/index.php?rest_route=%2Fwp%2Fv2%2Fmedia&parent=141289"}],"wp:term":[{"taxonomy":"category","embeddable":true,"href":"https:\/\/diarioregionaldigital.com.br\/index.php?rest_route=%2Fwp%2Fv2%2Fcategories&post=141289"},{"taxonomy":"post_tag","embeddable":true,"href":"https:\/\/diarioregionaldigital.com.br\/index.php?rest_route=%2Fwp%2Fv2%2Ftags&post=141289"}],"curies":[{"name":"wp","href":"https:\/\/api.w.org\/{rel}","templated":true}]}}