{"id":141286,"date":"2019-06-01T07:51:48","date_gmt":"2019-06-01T10:51:48","guid":{"rendered":"https:\/\/diarioregionaldigital.com.br\/?p=141286"},"modified":"2019-06-01T07:51:48","modified_gmt":"2019-06-01T10:51:48","slug":"juiz-de-fora-comemora-169-anos-a-ceu-aberto","status":"publish","type":"post","link":"https:\/\/diarioregionaldigital.com.br\/?p=141286","title":{"rendered":"Juiz de Fora comemora 169 anos a c\u00e9u aberto"},"content":{"rendered":"<p>As comemora\u00e7\u00f5es dos 169 anos de Juiz de Fora, completados nesta sexta-feira, 31, encheram de cor e alegria a Pra\u00e7a Jo\u00e3o Pessoa, no cal\u00e7ad\u00e3o da Rua Halfeld, no Centro. Dezenas de pessoas pararam para prestigiar apresenta\u00e7\u00f5es de dan\u00e7a e m\u00fasica, em homenagem \u00e0s etnias que formaram a cidade: alem\u00e3es, portugueses, afrodescendentes, italianos e \u00e1rabes.<\/p>\n<p>A festa tamb\u00e9m teve car\u00e1ter solid\u00e1rio, com equipes do Hemocentro Regional trabalhando na informa\u00e7\u00e3o e conscientiza\u00e7\u00e3o sobre a necessidade de doar sangue. O trabalho teve apoio de equipes da Santa Casa de Miseric\u00f3rdia e do grupo \u201cM\u00e9dicos do Barulho\u201d, al\u00e9m do Corpo de Bombeiros, cujo caminh\u00e3o conduziu a \u201cCarreata Solid\u00e1ria\u201d entre as pra\u00e7as dos bairros Bom Pastor e Manoel Hon\u00f3rio.<\/p>\n<p>O prefeito Ant\u00f4nio Almas prestigiou as apresenta\u00e7\u00f5es, que aconteceram em frente a um dos mais importantes monumentos da cidade, o Cine-Theatro Central: \u201cNesta data, a reflex\u00e3o \u00e9 de que, mesmo com as dificuldades enfrentadas, Juiz de Fora tem muito a oferecer.<\/p>\n<p>Esta \u00e9 uma cidade jovem, apesar dos seus 169 anos. \u00c9 empreendedora, multirracial, cultural e com disposi\u00e7\u00e3o para vencer barreiras. Precisamos, cada vez mais, fortalecer o sentimento de ser juiz-forano.\u201d Ali perto, a aposentada Adelina Soares registrava todos os momentos com seu celular: \u201cPasso sempre por aqui, e estou maravilhada com essa festa. N\u00e3o estou com pressa de ir para casa, quero aproveitar tudo at\u00e9 o fim\u201d.<\/p>\n<p>Para a respons\u00e1vel pelo Setor de Capta\u00e7\u00e3o e Cadastro de Doadores de Sangue e Medula do Hemominas, Lidiane Moura, \u201cesse tipo de a\u00e7\u00e3o d\u00e1 visibilidade para a doa\u00e7\u00e3o, destaca a import\u00e2ncia do ato e sempre repercute positivamente. A gente registra maior comparecimento de doadores, o que ajuda a manter o estoque em n\u00edveis ideais.\u201d<\/p>\n<p>A festa dos 169 anos de Juiz de Fora teve participa\u00e7\u00e3o da Banda da 4\u00aa Brigada de Infantaria Leve de Montanha, do Programa \u201cGente em Primeiro Lugar\u201d (maculel\u00ea), do grupo \u201cCanto do Ventre\u201d (dan\u00e7a \u00e1rabe) e da Associa\u00e7\u00e3o Alem\u00e3 de Juiz de Fora (dan\u00e7a alem\u00e3).<\/p>\n<p>Fonte: PJF<\/p>\n","protected":false},"excerpt":{"rendered":"<p>As comemora\u00e7\u00f5es dos 169 anos de Juiz de Fora, completados nesta sexta-feira, 31, encheram de cor e alegria a Pra\u00e7a Jo\u00e3o Pessoa, no cal\u00e7ad\u00e3o da Rua Halfeld, no Centro. Dezenas de pessoas pararam para prestigiar apresenta\u00e7\u00f5es de dan\u00e7a e m\u00fasica, em homenagem \u00e0s etnias que formaram a cidade: alem\u00e3es, portugueses, afrodescendentes, italianos e \u00e1rabes. A [&hellip;]<\/p>\n","protected":false},"author":96,"featured_media":141287,"comment_status":"closed","ping_status":"closed","sticky":false,"template":"","format":"standard","meta":{"footnotes":""},"categories":[253,436,440,439],"tags":[],"class_list":["post-141286","post","type-post","status-publish","format-standard","has-post-thumbnail","hentry","category-cidade","category-destaque-da-semana","category-destaques-do-dia","category-ultima-hora"],"_links":{"self":[{"href":"https:\/\/diarioregionaldigital.com.br\/index.php?rest_route=\/wp\/v2\/posts\/141286","targetHints":{"allow":["GET"]}}],"collection":[{"href":"https:\/\/diarioregionaldigital.com.br\/index.php?rest_route=\/wp\/v2\/posts"}],"about":[{"href":"https:\/\/diarioregionaldigital.com.br\/index.php?rest_route=\/wp\/v2\/types\/post"}],"author":[{"embeddable":true,"href":"https:\/\/diarioregionaldigital.com.br\/index.php?rest_route=\/wp\/v2\/users\/96"}],"replies":[{"embeddable":true,"href":"https:\/\/diarioregionaldigital.com.br\/index.php?rest_route=%2Fwp%2Fv2%2Fcomments&post=141286"}],"version-history":[{"count":0,"href":"https:\/\/diarioregionaldigital.com.br\/index.php?rest_route=\/wp\/v2\/posts\/141286\/revisions"}],"wp:featuredmedia":[{"embeddable":true,"href":"https:\/\/diarioregionaldigital.com.br\/index.php?rest_route=\/wp\/v2\/media\/141287"}],"wp:attachment":[{"href":"https:\/\/diarioregionaldigital.com.br\/index.php?rest_route=%2Fwp%2Fv2%2Fmedia&parent=141286"}],"wp:term":[{"taxonomy":"category","embeddable":true,"href":"https:\/\/diarioregionaldigital.com.br\/index.php?rest_route=%2Fwp%2Fv2%2Fcategories&post=141286"},{"taxonomy":"post_tag","embeddable":true,"href":"https:\/\/diarioregionaldigital.com.br\/index.php?rest_route=%2Fwp%2Fv2%2Ftags&post=141286"}],"curies":[{"name":"wp","href":"https:\/\/api.w.org\/{rel}","templated":true}]}}