{"id":141283,"date":"2019-06-01T07:46:40","date_gmt":"2019-06-01T10:46:40","guid":{"rendered":"https:\/\/diarioregionaldigital.com.br\/?p=141283"},"modified":"2019-06-01T07:46:40","modified_gmt":"2019-06-01T10:46:40","slug":"petrobras-reduz-preco-de-gasolina-e-diesel-em-r-013-nas-refinarias","status":"publish","type":"post","link":"https:\/\/diarioregionaldigital.com.br\/?p=141283","title":{"rendered":"Petrobras reduz pre\u00e7o de gasolina e diesel em R$ 0,13 nas refinarias"},"content":{"rendered":"<p>A Petrobras anunciou, na noite desta sexta-feira (31), redu\u00e7\u00e3o nos pre\u00e7os da gasolina e do diesel nas refinarias. A gasolina teve uma redu\u00e7\u00e3o de R$ 0,1399 por litro e o diesel, de R$ 0,1383 no valor m\u00e9dio \u00e0s distribuidoras no pa\u00eds. O novo valor vale a partir da meia-noite deste s\u00e1bado (1\u00ba).<\/p>\n<p>No in\u00edcio da noite, o presidente Jair Bolsonaro postou sobre o an\u00fancio da estatal em sua conta do Twitter.<\/p>\n<div class=\"SandboxRoot env-bp-350\" data-twitter-event-id=\"0\">\n<div id=\"twitter-widget-0\" class=\"EmbeddedTweet EmbeddedTweet--cta js-clickToOpenTarget tweet-InformationCircle-widgetParent\" lang=\"pt\" data-click-to-open-target=\"https:\/\/twitter.com\/jairbolsonaro\/status\/1134576928776757248\" data-iframe-title=\"Tweet de Twitter\" data-scribe=\"page:tweet\" data-twitter-event-id=\"1\">\n<div class=\"EmbeddedTweet-tweetContainer\">\n<div class=\"EmbeddedTweet-tweet\">\n<blockquote class=\"Tweet h-entry js-tweetIdInfo subject expanded\" cite=\"https:\/\/twitter.com\/jairbolsonaro\/status\/1134576928776757248\" data-tweet-id=\"1134576928776757248\" data-scribe=\"section:subject\">\n<div class=\"Tweet-header\"><a class=\"TweetAuthor-avatar  Identity-avatar u-linkBlend\" href=\"https:\/\/twitter.com\/jairbolsonaro\" data-scribe=\"element:user_link\" aria-label=\"Jair M. Bolsonaro (nombre de pantalla: jairbolsonaro)\"><img decoding=\"async\" class=\"Avatar\" src=\"https:\/\/pbs.twimg.com\/profile_images\/1057631480459886595\/9VPdGJJz_normal.jpg\" alt=\"\" data-scribe=\"element:avatar\" data-src-2x=\"https:\/\/pbs.twimg.com\/profile_images\/1057631480459886595\/9VPdGJJz_bigger.jpg\" data-src-1x=\"https:\/\/pbs.twimg.com\/profile_images\/1057631480459886595\/9VPdGJJz_normal.jpg\" \/><\/a><\/p>\n<div class=\"TweetAuthor js-inViewportScribingTarget\" data-scribe=\"component:author\">\n<div class=\"TweetAuthor-nameScreenNameContainer\"><span class=\"TweetAuthor-decoratedName\"><span class=\"TweetAuthor-name Identity-name customisable-highlight\" title=\"Jair M. Bolsonaro\" data-scribe=\"element:name\">Jair M. Bolsonaro<\/span><\/span><\/p>\n<div class=\"Icon Icon--verified \" title=\"Cuenta verificada\" role=\"img\" aria-label=\"Cuenta verificada\"><\/div>\n<p><span class=\"TweetAuthor-decoratedName\"><span class=\"TweetAuthor-verifiedBadge\" data-scribe=\"element:verified_badge\"><b class=\"u-hiddenVisually\">&#x2714;<\/b><\/span><\/span><span class=\"TweetAuthor-screenName Identity-screenName\" dir=\"ltr\" title=\"@jairbolsonaro\" data-scribe=\"element:screen_name\">@jairbolsonaro<\/span><\/div>\n<\/div>\n<div class=\"Tweet-brand\">\n<div class=\"Icon Icon--twitter \" title=\"Ver en Twitter\" role=\"presentation\" aria-label=\"Ver en Twitter\"><\/div>\n<\/div>\n<\/div>\n<div class=\"Tweet-body e-entry-content\" data-scribe=\"component:tweet\">\n<div class=\"Tweet-target js-inViewportScribingTarget\"><\/div>\n<p class=\"Tweet-text e-entry-title\" dir=\"ltr\" lang=\"pt\">&#8211; A Petrobr\u00e1s informa a redu\u00e7\u00e3o de 6,0% no pre\u00e7o do DIESEL e 7,2% no pre\u00e7o da GASOLINA. Boa noite a todos!<\/p>\n<div class=\"TweetInfo\">\n<div class=\"TweetInfo-like\">\n<div data-scribe=\"element:heart\">\n<div class=\"Icon Icon--heart \" title=\"Me gusta\" role=\"img\" aria-label=\"Me gusta\"><\/div>\n<\/div>\n<p><a class=\"TweetInfo-heart\" title=\"Me gusta\" href=\"https:\/\/twitter.com\/intent\/like?tweet_id=1134576928776757248\" data-scribe=\"component:actions\"><span class=\"TweetInfo-heartStat\" data-scribe=\"element:heart_count\">75\u00a0mil<\/span><\/a><\/div>\n<div class=\"TweetInfo-timeGeo\"><a class=\"u-linkBlend u-url customisable-highlight long-permalink\" href=\"https:\/\/twitter.com\/jairbolsonaro\/status\/1134576928776757248\" data-datetime=\"2019-05-31T21:46:33+0000\" data-scribe=\"element:full_timestamp\"><time class=\"dt-updated\" title=\"Publicado a las: 31 de mayo de 2019 21:46:33 (UTC)\" datetime=\"2019-05-31T21:46:33+0000\">18:46 &#8211; 31 may. 2019<\/time><\/a><\/div>\n<div class=\"tweet-InformationCircle\" data-scribe=\"element:notice\"><a class=\"Icon Icon--informationCircleWhite js-inViewportScribingTarget\" title=\"Informaci\u00f3n y privacidad de Twitter Ads\" href=\"https:\/\/support.twitter.com\/articles\/20175256\"><span class=\"u-hiddenVisually\">Informaci\u00f3n y privacidad de Twitter Ads<\/span><\/a><\/div>\n<\/div>\n<\/div>\n<\/blockquote>\n<\/div>\n<div class=\"CallToAction-icon\" data-scribe=\"element:conversation_icon\">\n<div class=\"Icon Icon--replyCTA \" title=\"Ver conversaci\u00f3n en Twitter\" role=\"img\" aria-label=\"Ver conversaci\u00f3n en Twitter\"><\/div>\n<\/div>\n<div class=\"CallToAction-text\" data-scribe=\"element:conversation_text\">20,8\u00a0mil personas est\u00e1n hablando de esto<\/div>\n<div class=\"CallToAction-chevron\" data-scribe=\"element:cta_chevron\">\n<div class=\"Icon Icon--chevronRightCTA \" title=\"Ver en Twitter\" role=\"img\" aria-label=\"Ver en Twitter\"><\/div>\n<\/div>\n<\/div>\n<\/div>\n<div class=\"resize-sensor\">\n<div class=\"resize-sensor-expand\">\n<div><\/div>\n<\/div>\n<div class=\"resize-sensor-shrink\">\n<div><\/div>\n<\/div>\n<\/div>\n<\/div>\n<p>O pre\u00e7o final ao consumidor, contudo, vai variar de acordo com o local de venda do combust\u00edvel, pois sobre o valor entregue pelas refinarias incidem impostos municipais e estaduais, al\u00e9m do custo operacional e da m\u00e3o de obra e da margem de lucro das empresas.<\/p>\n<p>Entre as refinarias com o menor pre\u00e7o da gasolina est\u00e3o as de S\u00e3o Luis (MA), que vende o litro a R$ 1,78; Itacoatiara (AM), R$ 1,82, e Manaus (AM), a R$ 1,85. Entre as que praticam os valores mais altos est\u00e3o as de Bras\u00edlia, R$ 2,08, e Uberaba (MG), R$ 2,07.<\/p>\n<p>No diesel S500, o mais comum nas estradas, os menores pre\u00e7os s\u00e3o praticados pelas refinarias de Itacoatiara (AM), R$ 2,17; Manaus (AM), R$ 2,20, e Macei\u00f3, R$ 2,21. Os maiores pre\u00e7os do diesel S500 est\u00e3o nas refinarias de Uberaba (MG), R$ 2,40, Bras\u00edlia, R$ 2,41, e Uberl\u00e2ndia (MG), R$ 2,41.<\/p>\n<p>Na refinaria Duque de Caxias, que abastece o estado do Rio, maior produtor de petr\u00f3leo do pa\u00eds, o litro da gasolina ser\u00e1 vendido a R$ 1,97 e o diesel S500, a R$ 2,31. Na refinaria de Paul\u00ednia (SP), o litro da gasolina custar\u00e1 R$ 1,99 e o diesel, R$ 2,31.<\/p>\n<h2>Pol\u00edtica de pre\u00e7os<\/h2>\n<p>Segundo a Petrobras, a pol\u00edtica de pre\u00e7os para a gasolina e o diesel vendidos \u00e0s distribuidoras tem como base o pre\u00e7o de paridade de importa\u00e7\u00e3o, formado pelas cota\u00e7\u00f5es internacionais destes produtos mais os custos que importadores teriam, como transporte e taxas portu\u00e1rias, por exemplo.<\/p>\n<p>\u201cA paridade \u00e9 necess\u00e1ria porque o mercado brasileiro de combust\u00edveis \u00e9 aberto \u00e0 livre concorr\u00eancia, dando \u00e0s distribuidoras a alternativa de importar os produtos. Al\u00e9m disso, o pre\u00e7o considera uma margem que cobre os riscos (como volatilidade do c\u00e2mbio e dos pre\u00e7os)\u201d, explicou a estatal.<\/p>\n<p>A Petrobras destacou tamb\u00e9m que a gasolina e o diesel vendidos \u00e0s distribuidoras s\u00e3o diferentes dos produtos no posto de combust\u00edveis: \u201cS\u00e3o os combust\u00edveis tipo A, ou seja, gasolina antes da sua combina\u00e7\u00e3o com o etanol e diesel tamb\u00e9m sem adi\u00e7\u00e3o de biodiesel. Os produtos vendidos nas bombas ao consumidor final s\u00e3o formados a partir do tipo A misturados a biocombust\u00edveis. Os pre\u00e7os que divulgamos aqui se referem aos produtos tipo A\u201d.<\/p>\n<p>Fonte: Ag\u00eancia Brasil<\/p>\n","protected":false},"excerpt":{"rendered":"<p>A Petrobras anunciou, na noite desta sexta-feira (31), redu\u00e7\u00e3o nos pre\u00e7os da gasolina e do diesel nas refinarias. A gasolina teve uma redu\u00e7\u00e3o de R$ 0,1399 por litro e o diesel, de R$ 0,1383 no valor m\u00e9dio \u00e0s distribuidoras no pa\u00eds. O novo valor vale a partir da meia-noite deste s\u00e1bado (1\u00ba). No in\u00edcio da [&hellip;]<\/p>\n","protected":false},"author":96,"featured_media":141284,"comment_status":"closed","ping_status":"closed","sticky":false,"template":"","format":"standard","meta":{"footnotes":""},"categories":[436,261,439],"tags":[],"class_list":["post-141283","post","type-post","status-publish","format-standard","has-post-thumbnail","hentry","category-destaque-da-semana","category-economia","category-ultima-hora"],"_links":{"self":[{"href":"https:\/\/diarioregionaldigital.com.br\/index.php?rest_route=\/wp\/v2\/posts\/141283","targetHints":{"allow":["GET"]}}],"collection":[{"href":"https:\/\/diarioregionaldigital.com.br\/index.php?rest_route=\/wp\/v2\/posts"}],"about":[{"href":"https:\/\/diarioregionaldigital.com.br\/index.php?rest_route=\/wp\/v2\/types\/post"}],"author":[{"embeddable":true,"href":"https:\/\/diarioregionaldigital.com.br\/index.php?rest_route=\/wp\/v2\/users\/96"}],"replies":[{"embeddable":true,"href":"https:\/\/diarioregionaldigital.com.br\/index.php?rest_route=%2Fwp%2Fv2%2Fcomments&post=141283"}],"version-history":[{"count":0,"href":"https:\/\/diarioregionaldigital.com.br\/index.php?rest_route=\/wp\/v2\/posts\/141283\/revisions"}],"wp:featuredmedia":[{"embeddable":true,"href":"https:\/\/diarioregionaldigital.com.br\/index.php?rest_route=\/wp\/v2\/media\/141284"}],"wp:attachment":[{"href":"https:\/\/diarioregionaldigital.com.br\/index.php?rest_route=%2Fwp%2Fv2%2Fmedia&parent=141283"}],"wp:term":[{"taxonomy":"category","embeddable":true,"href":"https:\/\/diarioregionaldigital.com.br\/index.php?rest_route=%2Fwp%2Fv2%2Fcategories&post=141283"},{"taxonomy":"post_tag","embeddable":true,"href":"https:\/\/diarioregionaldigital.com.br\/index.php?rest_route=%2Fwp%2Fv2%2Ftags&post=141283"}],"curies":[{"name":"wp","href":"https:\/\/api.w.org\/{rel}","templated":true}]}}