{"id":141256,"date":"2019-06-01T06:00:58","date_gmt":"2019-06-01T09:00:58","guid":{"rendered":"https:\/\/diarioregionaldigital.com.br\/?p=141256"},"modified":"2019-05-31T21:02:16","modified_gmt":"2019-06-01T00:02:16","slug":"ccj-debate-prisao-em-segunda-instancia-no-pacote-anticrime","status":"publish","type":"post","link":"https:\/\/diarioregionaldigital.com.br\/?p=141256","title":{"rendered":"CCJ debate pris\u00e3o em segunda inst\u00e2ncia no pacote anticrime"},"content":{"rendered":"<p>A Comiss\u00e3o de Constitui\u00e7\u00e3o, Justi\u00e7a e Cidadania (CCJ) debate na pr\u00f3xima ter\u00e7a-feira (4) um dos projetos de lei que comp\u00f5em o conjunto de medidas anticrime e anticorrup\u00e7\u00e3o do governo federal. O\u00a0<a class=\"external-link\" href=\"http:\/\/www25.senado.leg.br\/web\/atividade\/materias\/-\/materia\/136033\">PL 1.864\/2019<\/a>\u00a0altera 13 leis e decretos nas \u00e1reas de atua\u00e7\u00e3o policial, regras de processo penal, banco de dados, progress\u00e3o de regime, corrup\u00e7\u00e3o e enriquecimento il\u00edcito, entre outros.<\/p>\n<p>As a\u00e7\u00f5es anticrime chegaram \u00e0 C\u00e2mara em fevereiro. S\u00e3o tr\u00eas projetos de lei assinados pelo presidente Jair Bolsonaro e defendidos pelo ministro da Justi\u00e7a, Sergio Moro. Em mar\u00e7o, a senadora Eliziane Gama (Cidadania-MA) apresentou no Senado tr\u00eas projetos com o mesmo teor das mat\u00e9rias enviadas \u00e0 C\u00e2mara pelo Poder Executivo. O PL 1.864\/2019 \u00e9 considerado a espinha dorsal do pacote.<\/p>\n<p>O relator da mat\u00e9ria na CCJ \u00e9 o senador Marcos do Val (Cidadania-ES), autor do requerimento para a audi\u00eancia p\u00fablica. \u201cEstamos vivendo um momento em que o combate \u00e0 corrup\u00e7\u00e3o, a redu\u00e7\u00e3o da criminalidade violenta e o aprimoramento das pol\u00edticas de seguran\u00e7a p\u00fablica encontram-se como prioridades na pauta do governo federal e deste Parlamento. Essas s\u00e3o exig\u00eancias atuais da sociedade brasileira e das quais n\u00e3o podemos nos esquivar\u201d, argumenta.<\/p>\n<p>Foram convidados para a audi\u00eancia p\u00fablica o ministro Herman Benjamin, do Superior Tribunal de Justi\u00e7a; Raquel Dodge, procuradora-Geral da Rep\u00fablica; Maur\u00edcio Valeixo, diretor-geral da Pol\u00edcia Federal; Felipe Santa Cruz, presidente do Conselho Federal da Ordem dos Advogados do Brasil; e Deltan Dallagnol, procurador da Rep\u00fablica. No total, foram convidados 19 pessoas para participar do debate, entre eles, promotores de Justi\u00e7a, ju\u00edzes, professores de direito, representantes do Conselho Nacional de Justi\u00e7a e do Conselho Nacional do Minist\u00e9rio P\u00fablico, policiais civis e militares e especialistas em seguran\u00e7a p\u00fablica, como a diretora-executiva do Instituto Igarap\u00e9, Ilona Szab\u00f3, e o ex-ministro e ex-deputado Raul Jungmann.<\/p>\n<h3><strong>Aprimoramento<\/strong><\/h3>\n<p>O PL 1.864\/2019 disciplina temas de import\u00e2ncia para o aprimoramento da legisla\u00e7\u00e3o penal e processual penal, no que toca \u00e0s quest\u00f5es de combate \u00e0 corrup\u00e7\u00e3o, redu\u00e7\u00e3o da criminalidade violenta e implementa\u00e7\u00e3o de maior celeridade e efici\u00eancia do Sistema de Justi\u00e7a Criminal.<\/p>\n<p>A proposi\u00e7\u00e3o busca assegurar a execu\u00e7\u00e3o provis\u00f3ria da condena\u00e7\u00e3o criminal ap\u00f3s julgamento em segunda inst\u00e2ncia; complementar o regramento da leg\u00edtima defesa; endurecer o cumprimento das penas; alterar o conceito de organiza\u00e7\u00e3o criminosa; elevar penas em crimes relativos a armas de fogo; aprimorar o perdimento de produto do crime; introduzir solu\u00e7\u00f5es negociadas no C\u00f3digo de Processo Penal (<a class=\"external-link\" href=\"http:\/\/www.planalto.gov.br\/ccivil_03\/decreto-lei\/del3689.htm\">Decreto-lei 3.689, de 1941<\/a>) e na Lei de Improbidade Administrativa (<a class=\"external-link\" href=\"http:\/\/www.planalto.gov.br\/ccivil_03\/_ato2011-2014\/2013\/lei\/l12846.htm\">Lei 12.846, de 2013<\/a>); alterar o regime de interrogat\u00f3rio por videoconfer\u00eancia; dificultar a soltura de criminosos habituais; alterar o regime dos pres\u00eddios federais; aprimorar a investiga\u00e7\u00e3o de crimes; e introduzir na legisla\u00e7\u00e3o penal a figura do \u201cinformante do bem\u201d ou do\u00a0<i>whistleblower<\/i>.<\/p>\n<p>Fonte: Ag\u00eancia Senado<\/p>\n","protected":false},"excerpt":{"rendered":"<p>A Comiss\u00e3o de Constitui\u00e7\u00e3o, Justi\u00e7a e Cidadania (CCJ) debate na pr\u00f3xima ter\u00e7a-feira (4) um dos projetos de lei que comp\u00f5em o conjunto de medidas anticrime e anticorrup\u00e7\u00e3o do governo federal. O\u00a0PL 1.864\/2019\u00a0altera 13 leis e decretos nas \u00e1reas de atua\u00e7\u00e3o policial, regras de processo penal, banco de dados, progress\u00e3o de regime, corrup\u00e7\u00e3o e enriquecimento il\u00edcito, [&hellip;]<\/p>\n","protected":false},"author":96,"featured_media":141265,"comment_status":"closed","ping_status":"closed","sticky":false,"template":"","format":"standard","meta":{"footnotes":""},"categories":[436,254,439],"tags":[],"class_list":["post-141256","post","type-post","status-publish","format-standard","has-post-thumbnail","hentry","category-destaque-da-semana","category-politica","category-ultima-hora"],"_links":{"self":[{"href":"https:\/\/diarioregionaldigital.com.br\/index.php?rest_route=\/wp\/v2\/posts\/141256","targetHints":{"allow":["GET"]}}],"collection":[{"href":"https:\/\/diarioregionaldigital.com.br\/index.php?rest_route=\/wp\/v2\/posts"}],"about":[{"href":"https:\/\/diarioregionaldigital.com.br\/index.php?rest_route=\/wp\/v2\/types\/post"}],"author":[{"embeddable":true,"href":"https:\/\/diarioregionaldigital.com.br\/index.php?rest_route=\/wp\/v2\/users\/96"}],"replies":[{"embeddable":true,"href":"https:\/\/diarioregionaldigital.com.br\/index.php?rest_route=%2Fwp%2Fv2%2Fcomments&post=141256"}],"version-history":[{"count":0,"href":"https:\/\/diarioregionaldigital.com.br\/index.php?rest_route=\/wp\/v2\/posts\/141256\/revisions"}],"wp:featuredmedia":[{"embeddable":true,"href":"https:\/\/diarioregionaldigital.com.br\/index.php?rest_route=\/wp\/v2\/media\/141265"}],"wp:attachment":[{"href":"https:\/\/diarioregionaldigital.com.br\/index.php?rest_route=%2Fwp%2Fv2%2Fmedia&parent=141256"}],"wp:term":[{"taxonomy":"category","embeddable":true,"href":"https:\/\/diarioregionaldigital.com.br\/index.php?rest_route=%2Fwp%2Fv2%2Fcategories&post=141256"},{"taxonomy":"post_tag","embeddable":true,"href":"https:\/\/diarioregionaldigital.com.br\/index.php?rest_route=%2Fwp%2Fv2%2Ftags&post=141256"}],"curies":[{"name":"wp","href":"https:\/\/api.w.org\/{rel}","templated":true}]}}