{"id":141182,"date":"2019-06-02T06:00:44","date_gmt":"2019-06-02T09:00:44","guid":{"rendered":"https:\/\/diarioregionaldigital.com.br\/?p=141182"},"modified":"2019-05-30T20:37:51","modified_gmt":"2019-05-30T23:37:51","slug":"juiz-de-fora-recebe-17a-edicao-da-feira-de-holambra","status":"publish","type":"post","link":"https:\/\/diarioregionaldigital.com.br\/?p=141182","title":{"rendered":"Juiz de Fora recebe 17\u00aa edi\u00e7\u00e3o da Feira de Holambra"},"content":{"rendered":"<p>Entre os dias 6 e 16 de junho, as cores e os perfumes naturais das mais diversas flores e plantas v\u00e3o tomar conta da Pra\u00e7a da Esta\u00e7\u00e3odurante a 17\u00aa edi\u00e7\u00e3o da Feira de Holambra. O evento traz \u00e0 cidade a exposi\u00e7\u00e3o de mais de 150 esp\u00e9cies de flores, plantas ornamentais, frut\u00edferas e ervas arom\u00e1ticas.<\/p>\n<p>A Feira de Holambra faz parte do Calend\u00e1rio Oficial do Munic\u00edpio desde 2010 e \u00e9 realizada pela Uni\u00e3o do Vegetal, com apoio da Prefeitura de Juiz de Fora, por meio da Secretaria de Desenvolvimento Econ\u00f4mico, Turismo e Agropecu\u00e1ria (Sedeta), e atrai pessoas de toda a regi\u00e3o. Nesta edi\u00e7\u00e3o, o evento trar\u00e1 como destaque as plantas Carn\u00edvoras, com sua beleza ex\u00f3tica e charme particular, e o Manac\u00e1 da Serra, uma das plantas ornamentais mais vendidas no Brasil. Al\u00e9m destas, os visitantes tamb\u00e9m v\u00e3o poder encontrar esp\u00e9cies como orqu\u00eddeas, diversas variedades de rosas, bonzai, ervas arom\u00e1ticas e suculentas.<\/p>\n<div id=\"attachment_141184\" style=\"width: 625px\" class=\"wp-caption aligncenter\"><img loading=\"lazy\" decoding=\"async\" aria-describedby=\"caption-attachment-141184\" class=\" wp-image-141184\" src=\"https:\/\/diarioregionaldigital.com.br\/wp-content\/uploads\/2019\/05\/RAFAELA-FRUTUOSO-usar-essa-2-2-300x200.jpg\" alt=\"\" width=\"615\" height=\"410\" srcset=\"https:\/\/diarioregionaldigital.com.br\/wp-content\/uploads\/2019\/05\/RAFAELA-FRUTUOSO-usar-essa-2-2-300x200.jpg 300w, https:\/\/diarioregionaldigital.com.br\/wp-content\/uploads\/2019\/05\/RAFAELA-FRUTUOSO-usar-essa-2-2-768x512.jpg 768w, https:\/\/diarioregionaldigital.com.br\/wp-content\/uploads\/2019\/05\/RAFAELA-FRUTUOSO-usar-essa-2-2-1024x683.jpg 1024w, https:\/\/diarioregionaldigital.com.br\/wp-content\/uploads\/2019\/05\/RAFAELA-FRUTUOSO-usar-essa-2-2-360x240.jpg 360w\" sizes=\"auto, (max-width: 615px) 100vw, 615px\" \/><p id=\"caption-attachment-141184\" class=\"wp-caption-text\">Foto: Arquivo\/Rafaela Frutuoso<\/p><\/div>\n<p>Aqueles que n\u00e3o abrem m\u00e3o de ter a natureza em casa v\u00e3o encontrar na Feira informa\u00e7\u00f5es e produtos para estimular o desenvolvimento das plantas, como terras e substrato de qualidade. A visita\u00e7\u00e3o acontece das 8 \u00e0s 20 horas, com entrada franca, e as flores e plantas s\u00e3o comercializadas a partir de R$5. Os tradicionais sorteios di\u00e1rios de orqu\u00eddeas tamb\u00e9m est\u00e3o confirmados.<\/p>\n<p>Para a gerente do Departamento de Incentivo ao Turismo, da Prefeitura de Juiz de Fora, Tatyana HauckHerdy Hill, \u201ca Feira movimenta e embeleza o Centro de Juiz de Fora, encantando visitantes e a popula\u00e7\u00e3o com a grande variedade e qualidade de flores e plantas que exp\u00f5e\u201d, afirma. Tatyana lembra, ainda que \u201co evento, que j\u00e1 \u00e9 tradicional na cidade, enriquece o calend\u00e1rio e incrementa a cadeia do turismo, gerando oportunidades de neg\u00f3cios\u201d, finaliza.<\/p>\n","protected":false},"excerpt":{"rendered":"<p>Entre os dias 6 e 16 de junho, as cores e os perfumes naturais das mais diversas flores e plantas v\u00e3o tomar conta da Pra\u00e7a da Esta\u00e7\u00e3odurante a 17\u00aa edi\u00e7\u00e3o da Feira de Holambra. O evento traz \u00e0 cidade a exposi\u00e7\u00e3o de mais de 150 esp\u00e9cies de flores, plantas ornamentais, frut\u00edferas e ervas arom\u00e1ticas. A [&hellip;]<\/p>\n","protected":false},"author":96,"featured_media":141183,"comment_status":"closed","ping_status":"closed","sticky":false,"template":"","format":"standard","meta":{"footnotes":""},"categories":[253,436,440,439],"tags":[],"class_list":["post-141182","post","type-post","status-publish","format-standard","has-post-thumbnail","hentry","category-cidade","category-destaque-da-semana","category-destaques-do-dia","category-ultima-hora"],"_links":{"self":[{"href":"https:\/\/diarioregionaldigital.com.br\/index.php?rest_route=\/wp\/v2\/posts\/141182","targetHints":{"allow":["GET"]}}],"collection":[{"href":"https:\/\/diarioregionaldigital.com.br\/index.php?rest_route=\/wp\/v2\/posts"}],"about":[{"href":"https:\/\/diarioregionaldigital.com.br\/index.php?rest_route=\/wp\/v2\/types\/post"}],"author":[{"embeddable":true,"href":"https:\/\/diarioregionaldigital.com.br\/index.php?rest_route=\/wp\/v2\/users\/96"}],"replies":[{"embeddable":true,"href":"https:\/\/diarioregionaldigital.com.br\/index.php?rest_route=%2Fwp%2Fv2%2Fcomments&post=141182"}],"version-history":[{"count":0,"href":"https:\/\/diarioregionaldigital.com.br\/index.php?rest_route=\/wp\/v2\/posts\/141182\/revisions"}],"wp:featuredmedia":[{"embeddable":true,"href":"https:\/\/diarioregionaldigital.com.br\/index.php?rest_route=\/wp\/v2\/media\/141183"}],"wp:attachment":[{"href":"https:\/\/diarioregionaldigital.com.br\/index.php?rest_route=%2Fwp%2Fv2%2Fmedia&parent=141182"}],"wp:term":[{"taxonomy":"category","embeddable":true,"href":"https:\/\/diarioregionaldigital.com.br\/index.php?rest_route=%2Fwp%2Fv2%2Fcategories&post=141182"},{"taxonomy":"post_tag","embeddable":true,"href":"https:\/\/diarioregionaldigital.com.br\/index.php?rest_route=%2Fwp%2Fv2%2Ftags&post=141182"}],"curies":[{"name":"wp","href":"https:\/\/api.w.org\/{rel}","templated":true}]}}