{"id":141171,"date":"2019-05-30T17:26:30","date_gmt":"2019-05-30T20:26:30","guid":{"rendered":"https:\/\/diarioregionaldigital.com.br\/?p=141171"},"modified":"2019-05-30T20:30:00","modified_gmt":"2019-05-30T23:30:00","slug":"settra-alerta-para-alteracao-de-sentido-de-via-no-bairro-benfica","status":"publish","type":"post","link":"https:\/\/diarioregionaldigital.com.br\/?p=141171","title":{"rendered":"Settra alerta para altera\u00e7\u00e3o de sentido de via no Bairro Benfica"},"content":{"rendered":"<p>J\u00e1 est\u00e1 em vigor, a partir desta quinta-feira, 30, a altera\u00e7\u00e3o de circula\u00e7\u00e3o de ve\u00edculos na Rua Mar\u00edlia, no Bairro Benfica, promovida pela Secretaria de Transportes e Tr\u00e2nsito (Settra) da Prefeitura de Juiz de Fora (PJF).<\/p>\n<p>Com a mudan\u00e7a, a via passa a operar em m\u00e3o \u00fanica, entre as ruas Lima Duarte e In\u00eas Garcia, neste sentido. Toda a sinaliza\u00e7\u00e3o ser\u00e1 readequada pela Settra. As modifica\u00e7\u00f5es ser\u00e3o feitas com intuito de dar mais seguran\u00e7a aos pedestres e fluidez no tr\u00e2nsito. Interven\u00e7\u00f5es, desvios e interdi\u00e7\u00f5es podem agora ser consultadas tamb\u00e9m atrav\u00e9s da plataforma &#8220;Waze\u201d.<\/p>\n","protected":false},"excerpt":{"rendered":"<p>J\u00e1 est\u00e1 em vigor, a partir desta quinta-feira, 30, a altera\u00e7\u00e3o de circula\u00e7\u00e3o de ve\u00edculos na Rua Mar\u00edlia, no Bairro Benfica, promovida pela Secretaria de Transportes e Tr\u00e2nsito (Settra) da Prefeitura de Juiz de Fora (PJF). Com a mudan\u00e7a, a via passa a operar em m\u00e3o \u00fanica, entre as ruas Lima Duarte e In\u00eas Garcia, [&hellip;]<\/p>\n","protected":false},"author":96,"featured_media":130741,"comment_status":"closed","ping_status":"closed","sticky":false,"template":"","format":"standard","meta":{"footnotes":""},"categories":[253,436,440,439],"tags":[],"class_list":["post-141171","post","type-post","status-publish","format-standard","has-post-thumbnail","hentry","category-cidade","category-destaque-da-semana","category-destaques-do-dia","category-ultima-hora"],"_links":{"self":[{"href":"https:\/\/diarioregionaldigital.com.br\/index.php?rest_route=\/wp\/v2\/posts\/141171","targetHints":{"allow":["GET"]}}],"collection":[{"href":"https:\/\/diarioregionaldigital.com.br\/index.php?rest_route=\/wp\/v2\/posts"}],"about":[{"href":"https:\/\/diarioregionaldigital.com.br\/index.php?rest_route=\/wp\/v2\/types\/post"}],"author":[{"embeddable":true,"href":"https:\/\/diarioregionaldigital.com.br\/index.php?rest_route=\/wp\/v2\/users\/96"}],"replies":[{"embeddable":true,"href":"https:\/\/diarioregionaldigital.com.br\/index.php?rest_route=%2Fwp%2Fv2%2Fcomments&post=141171"}],"version-history":[{"count":0,"href":"https:\/\/diarioregionaldigital.com.br\/index.php?rest_route=\/wp\/v2\/posts\/141171\/revisions"}],"wp:featuredmedia":[{"embeddable":true,"href":"https:\/\/diarioregionaldigital.com.br\/index.php?rest_route=\/wp\/v2\/media\/130741"}],"wp:attachment":[{"href":"https:\/\/diarioregionaldigital.com.br\/index.php?rest_route=%2Fwp%2Fv2%2Fmedia&parent=141171"}],"wp:term":[{"taxonomy":"category","embeddable":true,"href":"https:\/\/diarioregionaldigital.com.br\/index.php?rest_route=%2Fwp%2Fv2%2Fcategories&post=141171"},{"taxonomy":"post_tag","embeddable":true,"href":"https:\/\/diarioregionaldigital.com.br\/index.php?rest_route=%2Fwp%2Fv2%2Ftags&post=141171"}],"curies":[{"name":"wp","href":"https:\/\/api.w.org\/{rel}","templated":true}]}}