{"id":141150,"date":"2019-06-02T06:00:29","date_gmt":"2019-06-02T09:00:29","guid":{"rendered":"https:\/\/diarioregionaldigital.com.br\/?p=141150"},"modified":"2019-05-30T19:51:39","modified_gmt":"2019-05-30T22:51:39","slug":"o-brilho-de-manoela","status":"publish","type":"post","link":"https:\/\/diarioregionaldigital.com.br\/?p=141150","title":{"rendered":"O BRILHO DE MANOELA"},"content":{"rendered":"<p>Foi um sucesso, em Vit\u00f3ria, o lan\u00e7amento do livro \u201cIlha do Frade, para\u00edso capixaba\u201d, da escritora Manoela Ferrari. Muita gente compareceu, felicitando vivamente a autora pelo belo trabalho.<\/p>\n<p>Na obra, valorizada por dezenas de ilustra\u00e7\u00f5es coloridas do fot\u00f3grafo Andr\u00e9 Sobral, registra-se, de forma competente, n\u00e3o apenas o que significa o local, considerado o bairro mais exclusivo da capital do Esp\u00edrito Santo, sin\u00f4nimo de requinte, gra\u00e7a e refinamento, com os seus valorizados 204 terrenos.<\/p>\n<p>L\u00e1 \u00e9 poss\u00edvel encontrar moradores que t\u00eam sobrenomes tradicionais, como os Coser (Octac\u00edlio esteve no lan\u00e7amento, no Hotel Sheraton), Camata, Chieppe, Cabral, Buaiz, Lindenberg, Santos Neves, Tommasi, Rezende, Esteves e Braga (da fam\u00edlia do estimado Rubem Braga, meu colega dos gloriosos tempos da Manchete).<\/p>\n<p>A professora S\u00f4nia Cabral, casada com o jornalista Maur\u00edlio Cabral, foi uma das primeiras moradoras da Ilha do Frade, ainda na d\u00e9cada de 70. O casal ficou conhecido como anfitri\u00f5es de primeira ordem. Ela era uma pianista consagrada, da\u00ed o seu renome nos meios art\u00edsticos do estado e fora dele.<\/p>\n<p>O levantamento hist\u00f3rico e memorial\u00edstico realizado por Manoela Ferrari, que tem o dom da escrita em seu DNA, com inspira\u00e7\u00e3o acad\u00eamica, resgata dados documentais do passado, tra\u00e7ando a trajet\u00f3ria do local desde os prim\u00f3rdios do descobrimento, num apurado trabalho de pesquisa. Com requinte, talento e sensibilidade, a autora foi al\u00e9m do registro simplesmente textual. Mesclou, com exatid\u00e3o primorosa, como \u00e9 pr\u00f3prio do seu acurado estilo, a t\u00eanue linha que separa o lirismo da precis\u00e3o hist\u00f3rica. Da\u00ed os calorosos elogios com que a autora tem sido cumulada.<\/p>\n<p>Como resultado, temos uma obra impec\u00e1vel de resgate, n\u00e3o s\u00f3 de documentos, mas principalmente de mem\u00f3ria e afetos, apresentando, com leveza e ao mesmo tempo profundidade, o que significa, realmente, o privil\u00e9gio de morar na Ilha do Frade, um encantador reduto da capital esp\u00edrito-santense.<\/p>\n<p>Manoela Ferrari \u00e9 formada pela PUC\/Rio em Comunica\u00e7\u00e3o Social e, no seu livro, ela assinala que \u201cgra\u00e7as \u00e0 vis\u00e3o e empreendedorismo do empres\u00e1rio capixaba Jos\u00e9 Moraes, a ilha se tornou o mais admirado loteamento at\u00e9 hoje surgido no Esp\u00edrito Santo.\u201d Para o empres\u00e1rio Am\u00e9rico Buaiz Filho, \u201c\u00e9 uma ilha dentro de outra ilha, com praias exclusivas, vistas lindas, parques&#8230; onde s\u00f3 casas podem ser constru\u00eddas.\u201d E foi isso que aconteceu, numa regi\u00e3o verdadeiramente aben\u00e7oada. O livro \u00e9 da Editora Consultor\/Rio.<\/p>\n","protected":false},"excerpt":{"rendered":"<p>Foi um sucesso, em Vit\u00f3ria, o lan\u00e7amento do livro \u201cIlha do Frade, para\u00edso capixaba\u201d, da escritora Manoela Ferrari. Muita gente compareceu, felicitando vivamente a autora pelo belo trabalho. Na obra, valorizada por dezenas de ilustra\u00e7\u00f5es coloridas do fot\u00f3grafo Andr\u00e9 Sobral, registra-se, de forma competente, n\u00e3o apenas o que significa o local, considerado o bairro mais [&hellip;]<\/p>\n","protected":false},"author":96,"featured_media":96753,"comment_status":"closed","ping_status":"closed","sticky":false,"template":"","format":"standard","meta":{"footnotes":""},"categories":[275,435,439],"tags":[],"class_list":["post-141150","post","type-post","status-publish","format-standard","has-post-thumbnail","hentry","category-arnaldo-niskier","category-colunas","category-ultima-hora"],"_links":{"self":[{"href":"https:\/\/diarioregionaldigital.com.br\/index.php?rest_route=\/wp\/v2\/posts\/141150","targetHints":{"allow":["GET"]}}],"collection":[{"href":"https:\/\/diarioregionaldigital.com.br\/index.php?rest_route=\/wp\/v2\/posts"}],"about":[{"href":"https:\/\/diarioregionaldigital.com.br\/index.php?rest_route=\/wp\/v2\/types\/post"}],"author":[{"embeddable":true,"href":"https:\/\/diarioregionaldigital.com.br\/index.php?rest_route=\/wp\/v2\/users\/96"}],"replies":[{"embeddable":true,"href":"https:\/\/diarioregionaldigital.com.br\/index.php?rest_route=%2Fwp%2Fv2%2Fcomments&post=141150"}],"version-history":[{"count":0,"href":"https:\/\/diarioregionaldigital.com.br\/index.php?rest_route=\/wp\/v2\/posts\/141150\/revisions"}],"wp:featuredmedia":[{"embeddable":true,"href":"https:\/\/diarioregionaldigital.com.br\/index.php?rest_route=\/wp\/v2\/media\/96753"}],"wp:attachment":[{"href":"https:\/\/diarioregionaldigital.com.br\/index.php?rest_route=%2Fwp%2Fv2%2Fmedia&parent=141150"}],"wp:term":[{"taxonomy":"category","embeddable":true,"href":"https:\/\/diarioregionaldigital.com.br\/index.php?rest_route=%2Fwp%2Fv2%2Fcategories&post=141150"},{"taxonomy":"post_tag","embeddable":true,"href":"https:\/\/diarioregionaldigital.com.br\/index.php?rest_route=%2Fwp%2Fv2%2Ftags&post=141150"}],"curies":[{"name":"wp","href":"https:\/\/api.w.org\/{rel}","templated":true}]}}