{"id":141096,"date":"2019-05-30T14:01:45","date_gmt":"2019-05-30T17:01:45","guid":{"rendered":"https:\/\/diarioregionaldigital.com.br\/?p=141096"},"modified":"2019-05-30T14:01:45","modified_gmt":"2019-05-30T17:01:45","slug":"camara-aprova-mp-que-cria-programa-de-revisao-do-inss","status":"publish","type":"post","link":"https:\/\/diarioregionaldigital.com.br\/?p=141096","title":{"rendered":"C\u00e2mara aprova MP que cria programa de revis\u00e3o do INSS"},"content":{"rendered":"<p>O plen\u00e1rio da C\u00e2mara aprovou na madrugada desta quinta-feira (30) a\u00a0Medida-Provis\u00f3ria (MP) 871\/19, que cria um programa de revis\u00e3o de benef\u00edcios do Instituto Nacional do Seguro Social (INSS), exige cadastro do trabalhador rural e restringe o pagamento de aux\u00edlio-reclus\u00e3o apenas aos casos de pena em regime fechado.<\/p>\n<p>O Senado j\u00e1\u00a0marcou para hoje a vota\u00e7\u00e3o da MP, que perde a validade na segunda-feira (3).<\/p>\n<p>Pelo texto aprovado na C\u00e2mara, de relatoria do deputado Paulo Eduardo Martins (PSC-PR), o INSS passar\u00e1 a ter acesso a dados da Receita Federal, do Sistema \u00danico de Sa\u00fade (SUS), de movimenta\u00e7\u00e3o do Fundo de Garantia por Tempo de Servi\u00e7o (FGTS) e outros para concess\u00e3o, revis\u00e3o ou manuten\u00e7\u00e3o de benef\u00edcios.<\/p>\n<p>Com a aprova\u00e7\u00e3o da MP, o pequeno produtor rural precisar\u00e1 comprovar o tempo de exerc\u00edcio de atividade rural por meio de autodeclara\u00e7\u00e3o ratificada pelo Programa Nacional de Assist\u00eancia T\u00e9cnica e Extens\u00e3o Rural (Pronater). O INSS n\u00e3o aceitar\u00e1 mais documenta\u00e7\u00f5es emitidas por sindicatos rurais.<\/p>\n<p>Durante a vota\u00e7\u00e3o dos destaques, foi aprovado o que trata do compartilhamento de dados de entidades privadas obtidos pelo INSS com outras entidades privadas e que manteve o Benef\u00edcio de Presta\u00e7\u00e3o Continuada (BPC) na lista de tipos de benef\u00edcios que poder\u00e3o ser alvo de pente fino por parte do INSS. Tamb\u00e9m foi aprovado o aumento de 30 dias para 60 dias o prazo para o trabalhador rural e agricultor familiar apresentar provas contra ind\u00edcios de irregularidades apontadas pelo INSS.<\/p>\n<p>A proibi\u00e7\u00e3o de pessoas que n\u00e3o sejam m\u00e9dicas, presentes durante a per\u00edcia do segurado, exceto quando autorizada pelo m\u00e9dico perito, tamb\u00e9m foi aprovada. Al\u00e9m disso, a per\u00edcia por telemedicina n\u00e3o poder\u00e1 ser usada.<\/p>\n<p>&nbsp;<\/p>\n<p>Fonte: Ag\u00eancia Brasil<\/p>\n","protected":false},"excerpt":{"rendered":"<p>O plen\u00e1rio da C\u00e2mara aprovou na madrugada desta quinta-feira (30) a\u00a0Medida-Provis\u00f3ria (MP) 871\/19, que cria um programa de revis\u00e3o de benef\u00edcios do Instituto Nacional do Seguro Social (INSS), exige cadastro do trabalhador rural e restringe o pagamento de aux\u00edlio-reclus\u00e3o apenas aos casos de pena em regime fechado. O Senado j\u00e1\u00a0marcou para hoje a vota\u00e7\u00e3o da [&hellip;]<\/p>\n","protected":false},"author":96,"featured_media":141100,"comment_status":"closed","ping_status":"closed","sticky":false,"template":"","format":"standard","meta":{"footnotes":""},"categories":[436,254,439],"tags":[],"class_list":["post-141096","post","type-post","status-publish","format-standard","has-post-thumbnail","hentry","category-destaque-da-semana","category-politica","category-ultima-hora"],"_links":{"self":[{"href":"https:\/\/diarioregionaldigital.com.br\/index.php?rest_route=\/wp\/v2\/posts\/141096","targetHints":{"allow":["GET"]}}],"collection":[{"href":"https:\/\/diarioregionaldigital.com.br\/index.php?rest_route=\/wp\/v2\/posts"}],"about":[{"href":"https:\/\/diarioregionaldigital.com.br\/index.php?rest_route=\/wp\/v2\/types\/post"}],"author":[{"embeddable":true,"href":"https:\/\/diarioregionaldigital.com.br\/index.php?rest_route=\/wp\/v2\/users\/96"}],"replies":[{"embeddable":true,"href":"https:\/\/diarioregionaldigital.com.br\/index.php?rest_route=%2Fwp%2Fv2%2Fcomments&post=141096"}],"version-history":[{"count":0,"href":"https:\/\/diarioregionaldigital.com.br\/index.php?rest_route=\/wp\/v2\/posts\/141096\/revisions"}],"wp:featuredmedia":[{"embeddable":true,"href":"https:\/\/diarioregionaldigital.com.br\/index.php?rest_route=\/wp\/v2\/media\/141100"}],"wp:attachment":[{"href":"https:\/\/diarioregionaldigital.com.br\/index.php?rest_route=%2Fwp%2Fv2%2Fmedia&parent=141096"}],"wp:term":[{"taxonomy":"category","embeddable":true,"href":"https:\/\/diarioregionaldigital.com.br\/index.php?rest_route=%2Fwp%2Fv2%2Fcategories&post=141096"},{"taxonomy":"post_tag","embeddable":true,"href":"https:\/\/diarioregionaldigital.com.br\/index.php?rest_route=%2Fwp%2Fv2%2Ftags&post=141096"}],"curies":[{"name":"wp","href":"https:\/\/api.w.org\/{rel}","templated":true}]}}