{"id":141092,"date":"2019-05-30T13:55:24","date_gmt":"2019-05-30T16:55:24","guid":{"rendered":"https:\/\/diarioregionaldigital.com.br\/?p=141092"},"modified":"2019-05-30T13:55:24","modified_gmt":"2019-05-30T16:55:24","slug":"economia-brasileira-cai-02-no-primeiro-trimestre-do-ano","status":"publish","type":"post","link":"https:\/\/diarioregionaldigital.com.br\/?p=141092","title":{"rendered":"Economia brasileira cai 0,2% no primeiro trimestre do ano"},"content":{"rendered":"<p>O Produto Interno Bruto (PIB), que \u00e9 a soma de todos os bens e servi\u00e7os produzidos no pa\u00eds, caiu 0,2% no primeiro trimestre deste ano, na compara\u00e7\u00e3o com o \u00faltimo trimestre de 2018. A queda ocorreu depois de altas de 0,5% no terceiro e de 0,1% no quarto trimestres do ano passado.<\/p>\n<p>Segundo dados divulgados hoje (30), no Rio de Janeiro, pelo Instituto Brasileiro de Geografia e Estat\u00edstica (IBGE), a economia brasileira cresceu 0,5% na compara\u00e7\u00e3o com o primeiro trimestre do ano passado e 0,9% no acumulado de 12 meses.<\/p>\n<p>Os dados mostram que, do \u00faltimo trimestre de 2018 para o primeiro trimestre de 2019, a queda de 0,2% foi puxada por um recuo de 0,7% no setor industrial. As principais atividades em queda foram a ind\u00fastria extrativa mineral (-6,3%), constru\u00e7\u00e3o (-2%) e\u00a0 ind\u00fastrias da transforma\u00e7\u00e3o (-0,5%).<\/p>\n<p>A agropecu\u00e1ria tamb\u00e9m teve queda (-0,5%). Os servi\u00e7os tiveram taxa positiva de 0,2% no per\u00edodo, evitando uma queda mais acentuada da economia.<\/p>\n<p>Sob \u00f3tica da demanda, a queda foi puxada pela forma\u00e7\u00e3o bruta de capital fixo, isto \u00e9, os investimentos, que ca\u00edram 1,7% do \u00faltimo trimestre de 2018 para o primeiro trimestre deste ano. As exporta\u00e7\u00f5es tamb\u00e9m ca\u00edram (-1,9%).<\/p>\n<p>Ao mesmo tempo, os consumos do governo e das fam\u00edlias cresceram 0,4% e 0,3%, respectivamente. As importa\u00e7\u00f5es tiveram alta de 0,5%.<\/p>\n<p>&nbsp;<\/p>\n<p>Fonte: Ag\u00eancia Brasil<\/p>\n","protected":false},"excerpt":{"rendered":"<p>O Produto Interno Bruto (PIB), que \u00e9 a soma de todos os bens e servi\u00e7os produzidos no pa\u00eds, caiu 0,2% no primeiro trimestre deste ano, na compara\u00e7\u00e3o com o \u00faltimo trimestre de 2018. A queda ocorreu depois de altas de 0,5% no terceiro e de 0,1% no quarto trimestres do ano passado. Segundo dados divulgados [&hellip;]<\/p>\n","protected":false},"author":96,"featured_media":141093,"comment_status":"closed","ping_status":"closed","sticky":false,"template":"","format":"standard","meta":{"footnotes":""},"categories":[436,261,439],"tags":[],"class_list":["post-141092","post","type-post","status-publish","format-standard","has-post-thumbnail","hentry","category-destaque-da-semana","category-economia","category-ultima-hora"],"_links":{"self":[{"href":"https:\/\/diarioregionaldigital.com.br\/index.php?rest_route=\/wp\/v2\/posts\/141092","targetHints":{"allow":["GET"]}}],"collection":[{"href":"https:\/\/diarioregionaldigital.com.br\/index.php?rest_route=\/wp\/v2\/posts"}],"about":[{"href":"https:\/\/diarioregionaldigital.com.br\/index.php?rest_route=\/wp\/v2\/types\/post"}],"author":[{"embeddable":true,"href":"https:\/\/diarioregionaldigital.com.br\/index.php?rest_route=\/wp\/v2\/users\/96"}],"replies":[{"embeddable":true,"href":"https:\/\/diarioregionaldigital.com.br\/index.php?rest_route=%2Fwp%2Fv2%2Fcomments&post=141092"}],"version-history":[{"count":0,"href":"https:\/\/diarioregionaldigital.com.br\/index.php?rest_route=\/wp\/v2\/posts\/141092\/revisions"}],"wp:featuredmedia":[{"embeddable":true,"href":"https:\/\/diarioregionaldigital.com.br\/index.php?rest_route=\/wp\/v2\/media\/141093"}],"wp:attachment":[{"href":"https:\/\/diarioregionaldigital.com.br\/index.php?rest_route=%2Fwp%2Fv2%2Fmedia&parent=141092"}],"wp:term":[{"taxonomy":"category","embeddable":true,"href":"https:\/\/diarioregionaldigital.com.br\/index.php?rest_route=%2Fwp%2Fv2%2Fcategories&post=141092"},{"taxonomy":"post_tag","embeddable":true,"href":"https:\/\/diarioregionaldigital.com.br\/index.php?rest_route=%2Fwp%2Fv2%2Ftags&post=141092"}],"curies":[{"name":"wp","href":"https:\/\/api.w.org\/{rel}","templated":true}]}}