{"id":141070,"date":"2019-05-29T17:35:55","date_gmt":"2019-05-29T20:35:55","guid":{"rendered":"https:\/\/diarioregionaldigital.com.br\/?p=141070"},"modified":"2019-05-29T17:35:55","modified_gmt":"2019-05-29T20:35:55","slug":"bolsonaro-vai-sancionar-reforma-administrativa-como-veio-do-senado","status":"publish","type":"post","link":"https:\/\/diarioregionaldigital.com.br\/?p=141070","title":{"rendered":"Bolsonaro vai sancionar reforma administrativa como veio do Senado"},"content":{"rendered":"<p>O presidente Jair Bolsonaro disse hoje (29) que vai sancionar o Projeto de Lei de Convers\u00e3o 10\/2019 originado da Medida Provis\u00f3ria 870, que trata da reforma administrativa, da forma que foi aprovado pelo Senado, ou seja, mantendo o Conselho de Controle de Atividades Financeiras (Coaf) no Minist\u00e9rio Economia. \u201cO parlamento agiu legitimamente corrigindo o que eles achavam que tinham que corrigir. O Coaf continua no governo\u201d, disse, ao deixar o pr\u00e9dio do Comando da Marinha, na Esplanada dos Minist\u00e9rios, em Bras\u00edlia.<\/p>\n<p>Bolsonaro sinalizou ainda que n\u00e3o deve editar decreto transferindo o Coaf para o Minist\u00e9rio da Justi\u00e7a e Seguran\u00e7a P\u00fablica, como originalmente prop\u00f4s o governo.<\/p>\n<p>Na noite de ontem (29), o plen\u00e1rio do Senado\u00a0aprovou a MP, sem altera\u00e7\u00f5es em compara\u00e7\u00e3o com o\u00a0texto aprovado na C\u00e2mara. Com isso, algumas mudan\u00e7as no texto original realizadas na Comiss\u00e3o Especial do Congresso foram confirmadas, entre elas, que o Coaf fica subordinado ao Minist\u00e9rio da Economia.<\/p>\n<p>A aprova\u00e7\u00e3o ocorreu sete dias antes do vencimento do prazo da MP. Caso n\u00e3o fosse votada at\u00e9 o dia 3 de junho, a medida provis\u00f3ria perderia a sua validade e o governo voltaria a ter o n\u00famero de minist\u00e9rio do governo Michel Temer, 29. Hoje, s\u00e3o 22.<\/p>\n<h2>Visita surpresa<\/h2>\n<p>Pela segunda vez nesta quarta-feira, Bolsonaro surpreendeu ao deixar o Pal\u00e1cio do Planalto para participar de um evento. Na Marinha, o presidente compareceu ao almo\u00e7o de anivers\u00e1rio do comandante da Marinha, Ilques Barbosa, que completa 65 anos hoje.<\/p>\n<p>Mais cedo, ele foi \u00e0 C\u00e2mara dos Deputados para a\u00a0sess\u00e3o em homenagem\u00a0ao humorista Carlos Alberto de N\u00f3brega, do programa A Pra\u00e7a \u00e9 Nossa, do SBT. \u201cTem que ter o momento de prestigiar os colegas e reconhecer o trabalho. A vida se faz de imprevistos e alguns maravilhosos como esses dois de hoje\u201d, disse, ao deixar o Comando da Marinha.<\/p>\n<p>Fonte: Ag\u00eancia Brasil<\/p>\n","protected":false},"excerpt":{"rendered":"<p>O presidente Jair Bolsonaro disse hoje (29) que vai sancionar o Projeto de Lei de Convers\u00e3o 10\/2019 originado da Medida Provis\u00f3ria 870, que trata da reforma administrativa, da forma que foi aprovado pelo Senado, ou seja, mantendo o Conselho de Controle de Atividades Financeiras (Coaf) no Minist\u00e9rio Economia. \u201cO parlamento agiu legitimamente corrigindo o que [&hellip;]<\/p>\n","protected":false},"author":96,"featured_media":141071,"comment_status":"closed","ping_status":"closed","sticky":false,"template":"","format":"standard","meta":{"footnotes":""},"categories":[436,254,439],"tags":[],"class_list":["post-141070","post","type-post","status-publish","format-standard","has-post-thumbnail","hentry","category-destaque-da-semana","category-politica","category-ultima-hora"],"_links":{"self":[{"href":"https:\/\/diarioregionaldigital.com.br\/index.php?rest_route=\/wp\/v2\/posts\/141070","targetHints":{"allow":["GET"]}}],"collection":[{"href":"https:\/\/diarioregionaldigital.com.br\/index.php?rest_route=\/wp\/v2\/posts"}],"about":[{"href":"https:\/\/diarioregionaldigital.com.br\/index.php?rest_route=\/wp\/v2\/types\/post"}],"author":[{"embeddable":true,"href":"https:\/\/diarioregionaldigital.com.br\/index.php?rest_route=\/wp\/v2\/users\/96"}],"replies":[{"embeddable":true,"href":"https:\/\/diarioregionaldigital.com.br\/index.php?rest_route=%2Fwp%2Fv2%2Fcomments&post=141070"}],"version-history":[{"count":0,"href":"https:\/\/diarioregionaldigital.com.br\/index.php?rest_route=\/wp\/v2\/posts\/141070\/revisions"}],"wp:featuredmedia":[{"embeddable":true,"href":"https:\/\/diarioregionaldigital.com.br\/index.php?rest_route=\/wp\/v2\/media\/141071"}],"wp:attachment":[{"href":"https:\/\/diarioregionaldigital.com.br\/index.php?rest_route=%2Fwp%2Fv2%2Fmedia&parent=141070"}],"wp:term":[{"taxonomy":"category","embeddable":true,"href":"https:\/\/diarioregionaldigital.com.br\/index.php?rest_route=%2Fwp%2Fv2%2Fcategories&post=141070"},{"taxonomy":"post_tag","embeddable":true,"href":"https:\/\/diarioregionaldigital.com.br\/index.php?rest_route=%2Fwp%2Fv2%2Ftags&post=141070"}],"curies":[{"name":"wp","href":"https:\/\/api.w.org\/{rel}","templated":true}]}}