{"id":141061,"date":"2019-05-29T15:54:16","date_gmt":"2019-05-29T18:54:16","guid":{"rendered":"https:\/\/diarioregionaldigital.com.br\/?p=141061"},"modified":"2019-05-29T15:54:16","modified_gmt":"2019-05-29T18:54:16","slug":"semana-do-brincar-propoe-reflexao-acerca-da-diversidade-cultural","status":"publish","type":"post","link":"https:\/\/diarioregionaldigital.com.br\/?p=141061","title":{"rendered":"Semana do Brincar prop\u00f5e reflex\u00e3o acerca da diversidade cultural"},"content":{"rendered":"<p>\u201cO brincar que abra\u00e7a a diferen\u00e7a\u201d \u00e9 o tema da Semana Mundial do Brincar. Promovida pela Alian\u00e7a pela Inf\u00e2ncia a a\u00e7\u00e3o tem o objetivo de sensibilizar a sociedade para a import\u00e2ncia do brincar.<\/p>\n<p>A iniciativa, que come\u00e7ou no dia 25 de maio e vai at\u00e9 2 de junho, \u00e9 o resultado de uma parceria com dezenas de organiza\u00e7\u00f5es sociais em v\u00e1rios pa\u00edses e, neste ano, abordar\u00e1 a diversidade de culturas, de povos, de costumes e de corpos e almas, incentivando m\u00faltiplas reflex\u00f5es sobre a brincadeira como territ\u00f3rio de conv\u00edvio entre as diferen\u00e7as.<\/p>\n<p>A <a href=\"http:\/\/www.lbv.org\/\">Legi\u00e3o da Boa Vontade (LBV)<\/a> tamb\u00e9m participa do evento, com o intuito de valorizar e assegurar o direito \u00e0 inf\u00e2ncia saud\u00e1vel. Durante a semana, a LBV vai intensificar as brincadeiras que contribuem para o bem-estar, a boa conviv\u00eancia e os v\u00ednculos afetivos e a fortalecer os valores da cultura de Paz. Uma s\u00e9rie de atividades ser\u00e3o promovidas, entre elas jogos, gincanas, brincadeiras e atividades esportivas, culturais e musicais voltadas a crian\u00e7as e a adolescentes atendidos nos Centros Comunit\u00e1rios de Assist\u00eancia Social e nas escolas da Institui\u00e7\u00e3o, bem como aos seus familiares, mostrando a import\u00e2ncia do brincar para a constru\u00e7\u00e3o de uma inf\u00e2ncia digna e sadia.<\/p>\n<p>Fonte: Assessoria<\/p>\n","protected":false},"excerpt":{"rendered":"<p>\u201cO brincar que abra\u00e7a a diferen\u00e7a\u201d \u00e9 o tema da Semana Mundial do Brincar. Promovida pela Alian\u00e7a pela Inf\u00e2ncia a a\u00e7\u00e3o tem o objetivo de sensibilizar a sociedade para a import\u00e2ncia do brincar. A iniciativa, que come\u00e7ou no dia 25 de maio e vai at\u00e9 2 de junho, \u00e9 o resultado de uma parceria com [&hellip;]<\/p>\n","protected":false},"author":96,"featured_media":141062,"comment_status":"closed","ping_status":"closed","sticky":false,"template":"","format":"standard","meta":{"footnotes":""},"categories":[302,436,439],"tags":[],"class_list":["post-141061","post","type-post","status-publish","format-standard","has-post-thumbnail","hentry","category-brasil-mundo","category-destaque-da-semana","category-ultima-hora"],"_links":{"self":[{"href":"https:\/\/diarioregionaldigital.com.br\/index.php?rest_route=\/wp\/v2\/posts\/141061","targetHints":{"allow":["GET"]}}],"collection":[{"href":"https:\/\/diarioregionaldigital.com.br\/index.php?rest_route=\/wp\/v2\/posts"}],"about":[{"href":"https:\/\/diarioregionaldigital.com.br\/index.php?rest_route=\/wp\/v2\/types\/post"}],"author":[{"embeddable":true,"href":"https:\/\/diarioregionaldigital.com.br\/index.php?rest_route=\/wp\/v2\/users\/96"}],"replies":[{"embeddable":true,"href":"https:\/\/diarioregionaldigital.com.br\/index.php?rest_route=%2Fwp%2Fv2%2Fcomments&post=141061"}],"version-history":[{"count":0,"href":"https:\/\/diarioregionaldigital.com.br\/index.php?rest_route=\/wp\/v2\/posts\/141061\/revisions"}],"wp:featuredmedia":[{"embeddable":true,"href":"https:\/\/diarioregionaldigital.com.br\/index.php?rest_route=\/wp\/v2\/media\/141062"}],"wp:attachment":[{"href":"https:\/\/diarioregionaldigital.com.br\/index.php?rest_route=%2Fwp%2Fv2%2Fmedia&parent=141061"}],"wp:term":[{"taxonomy":"category","embeddable":true,"href":"https:\/\/diarioregionaldigital.com.br\/index.php?rest_route=%2Fwp%2Fv2%2Fcategories&post=141061"},{"taxonomy":"post_tag","embeddable":true,"href":"https:\/\/diarioregionaldigital.com.br\/index.php?rest_route=%2Fwp%2Fv2%2Ftags&post=141061"}],"curies":[{"name":"wp","href":"https:\/\/api.w.org\/{rel}","templated":true}]}}