{"id":141054,"date":"2019-05-29T15:44:08","date_gmt":"2019-05-29T18:44:08","guid":{"rendered":"https:\/\/diarioregionaldigital.com.br\/?p=141054"},"modified":"2019-05-29T15:44:08","modified_gmt":"2019-05-29T18:44:08","slug":"comissao-especial-ira-acompanhar-emprestimo-de-90-milhoes-solicitados-pela-prefeitura","status":"publish","type":"post","link":"https:\/\/diarioregionaldigital.com.br\/?p=141054","title":{"rendered":"Comiss\u00e3o Especial ir\u00e1 acompanhar empr\u00e9stimo de 90 milh\u00f5es solicitados pela Prefeitura"},"content":{"rendered":"<p>Nesta ter\u00e7a-feira, 29, o vereador Cido Reis (PSB) apresentou um requerimento solicitando a cria\u00e7\u00e3o de uma Comiss\u00e3o Especial para acompanhar as condi\u00e7\u00f5es do empr\u00e9stimo no valor de 90 milh\u00f5es de reais, solicitado pela Prefeitura de Juiz de Fora (PJF) junto \u00e0 Caixa Econ\u00f4mica Federal. \u00a0O intuito da comiss\u00e3o \u00e9 saber as prioridades e os crit\u00e9rios que ser\u00e3o aplicados os recursos que ser\u00e3o utilizados nos bairros de Juiz de Fora, al\u00e9m de cobrir d\u00e9ficit financeiro existente hoje na Empresa Municipal de Pavimenta\u00e7\u00e3o e Urbaniza\u00e7\u00e3o (Empav).<\/p>\n<p>A princ\u00edpio os valores ser\u00e3o destinados da seguinte maneira.\u00a0 R$ 30 milh\u00f5es dever\u00e3o ser investidos na reestrutura\u00e7\u00e3o da Empresa Municipal de Pavimenta\u00e7\u00e3o e Urbaniza\u00e7\u00e3o (Empav). R$ 50 milh\u00f5es para a pavimenta\u00e7\u00e3o das ruas da cidade, e R$ 10 milh\u00f5es dever\u00e3o ser usados para drenagem e outras obras de infraestrutura.<\/p>\n<p>Fazem parte desta Comiss\u00e3o Especial, os vereadores Cido Res (PSB), Ana do Pde. Frederico (MDB), J\u00falio Obama Jr. (PHS), Wanderson Castelar (PT), al\u00e9m de um membro do Sindicato dos Servidores P\u00fablicos Municipais (SINSERPU \u2013 JF).<\/p>\n<p>&nbsp;<\/p>\n<p>Fonte: CMJF<\/p>\n","protected":false},"excerpt":{"rendered":"<p>Nesta ter\u00e7a-feira, 29, o vereador Cido Reis (PSB) apresentou um requerimento solicitando a cria\u00e7\u00e3o de uma Comiss\u00e3o Especial para acompanhar as condi\u00e7\u00f5es do empr\u00e9stimo no valor de 90 milh\u00f5es de reais, solicitado pela Prefeitura de Juiz de Fora (PJF) junto \u00e0 Caixa Econ\u00f4mica Federal. \u00a0O intuito da comiss\u00e3o \u00e9 saber as prioridades e os crit\u00e9rios [&hellip;]<\/p>\n","protected":false},"author":96,"featured_media":141058,"comment_status":"closed","ping_status":"closed","sticky":false,"template":"","format":"standard","meta":{"footnotes":""},"categories":[253,436,439],"tags":[],"class_list":["post-141054","post","type-post","status-publish","format-standard","has-post-thumbnail","hentry","category-cidade","category-destaque-da-semana","category-ultima-hora"],"_links":{"self":[{"href":"https:\/\/diarioregionaldigital.com.br\/index.php?rest_route=\/wp\/v2\/posts\/141054","targetHints":{"allow":["GET"]}}],"collection":[{"href":"https:\/\/diarioregionaldigital.com.br\/index.php?rest_route=\/wp\/v2\/posts"}],"about":[{"href":"https:\/\/diarioregionaldigital.com.br\/index.php?rest_route=\/wp\/v2\/types\/post"}],"author":[{"embeddable":true,"href":"https:\/\/diarioregionaldigital.com.br\/index.php?rest_route=\/wp\/v2\/users\/96"}],"replies":[{"embeddable":true,"href":"https:\/\/diarioregionaldigital.com.br\/index.php?rest_route=%2Fwp%2Fv2%2Fcomments&post=141054"}],"version-history":[{"count":0,"href":"https:\/\/diarioregionaldigital.com.br\/index.php?rest_route=\/wp\/v2\/posts\/141054\/revisions"}],"wp:featuredmedia":[{"embeddable":true,"href":"https:\/\/diarioregionaldigital.com.br\/index.php?rest_route=\/wp\/v2\/media\/141058"}],"wp:attachment":[{"href":"https:\/\/diarioregionaldigital.com.br\/index.php?rest_route=%2Fwp%2Fv2%2Fmedia&parent=141054"}],"wp:term":[{"taxonomy":"category","embeddable":true,"href":"https:\/\/diarioregionaldigital.com.br\/index.php?rest_route=%2Fwp%2Fv2%2Fcategories&post=141054"},{"taxonomy":"post_tag","embeddable":true,"href":"https:\/\/diarioregionaldigital.com.br\/index.php?rest_route=%2Fwp%2Fv2%2Ftags&post=141054"}],"curies":[{"name":"wp","href":"https:\/\/api.w.org\/{rel}","templated":true}]}}