{"id":141051,"date":"2019-05-29T15:34:00","date_gmt":"2019-05-29T18:34:00","guid":{"rendered":"https:\/\/diarioregionaldigital.com.br\/?p=141051"},"modified":"2019-05-29T15:34:00","modified_gmt":"2019-05-29T18:34:00","slug":"audiencia-publica-da-ccj-sobre-combate-a-violencia-e-adiada-para-a-proxima-semana","status":"publish","type":"post","link":"https:\/\/diarioregionaldigital.com.br\/?p=141051","title":{"rendered":"Audi\u00eancia p\u00fablica da CCJ sobre combate \u00e0 viol\u00eancia \u00e9 adiada para a pr\u00f3xima semana"},"content":{"rendered":"<p>A Comiss\u00e3o de Constitui\u00e7\u00e3o, Justi\u00e7a e Cidadania (CCJ) adiou para a ter\u00e7a-feira da semana que vem (4), \u00e0s 10h, audi\u00eancia p\u00fablica para debater o Projeto de Lei (PL)\u00a0<a href=\"http:\/\/www25.senado.leg.br\/web\/atividade\/materias\/-\/materia\/136033\">1.864\/2019<\/a>, que define medidas contra a corrup\u00e7\u00e3o, o crime organizado e a viol\u00eancia. A reuni\u00e3o estava prevista para esta quinta-feira (30).<\/p>\n<p>A presidente da CCJ, senadora Simone Tebet (MDB-MS), informou que em vez de fazer dois debates sobre o tema, como inicialmente previsto, ser\u00e1 feito um s\u00f3.<\/p>\n<p>\u201cTeremos condi\u00e7\u00f5es de ouvir todos os convidados em uma \u00fanica audi\u00eancia\u201d, explicou a parlamentar.<\/p>\n<p>O projeto, apresentado pela senadora Eliziane Gama (Cidadania-MA), tem o mesmo teor de uma das propostas elaboradas pelo Minist\u00e9rio da Justi\u00e7a e da Seguran\u00e7a P\u00fablica e encaminhado pelo ministro Sergio Moro \u00e0 C\u00e2mara dos Deputado, em 19 de fevereiro passado. Com a iniciativa, Eliziane quis garantir que o Senado se antecipasse ao recebimento das propostas e pudesse realizar a discuss\u00e3o acerca do aperfei\u00e7oamento da seguran\u00e7a p\u00fablica, enquanto, paralelamente, a C\u00e2mara dos Deputados prioriza a vota\u00e7\u00e3o da reforma da Previd\u00eancia.<\/p>\n<p>&nbsp;<\/p>\n<p>Fonte: Ag\u00eancia Senado<\/p>\n","protected":false},"excerpt":{"rendered":"<p>A Comiss\u00e3o de Constitui\u00e7\u00e3o, Justi\u00e7a e Cidadania (CCJ) adiou para a ter\u00e7a-feira da semana que vem (4), \u00e0s 10h, audi\u00eancia p\u00fablica para debater o Projeto de Lei (PL)\u00a01.864\/2019, que define medidas contra a corrup\u00e7\u00e3o, o crime organizado e a viol\u00eancia. A reuni\u00e3o estava prevista para esta quinta-feira (30). A presidente da CCJ, senadora Simone Tebet [&hellip;]<\/p>\n","protected":false},"author":96,"featured_media":141052,"comment_status":"closed","ping_status":"closed","sticky":false,"template":"","format":"standard","meta":{"footnotes":""},"categories":[436,254,439],"tags":[],"class_list":["post-141051","post","type-post","status-publish","format-standard","has-post-thumbnail","hentry","category-destaque-da-semana","category-politica","category-ultima-hora"],"_links":{"self":[{"href":"https:\/\/diarioregionaldigital.com.br\/index.php?rest_route=\/wp\/v2\/posts\/141051","targetHints":{"allow":["GET"]}}],"collection":[{"href":"https:\/\/diarioregionaldigital.com.br\/index.php?rest_route=\/wp\/v2\/posts"}],"about":[{"href":"https:\/\/diarioregionaldigital.com.br\/index.php?rest_route=\/wp\/v2\/types\/post"}],"author":[{"embeddable":true,"href":"https:\/\/diarioregionaldigital.com.br\/index.php?rest_route=\/wp\/v2\/users\/96"}],"replies":[{"embeddable":true,"href":"https:\/\/diarioregionaldigital.com.br\/index.php?rest_route=%2Fwp%2Fv2%2Fcomments&post=141051"}],"version-history":[{"count":0,"href":"https:\/\/diarioregionaldigital.com.br\/index.php?rest_route=\/wp\/v2\/posts\/141051\/revisions"}],"wp:featuredmedia":[{"embeddable":true,"href":"https:\/\/diarioregionaldigital.com.br\/index.php?rest_route=\/wp\/v2\/media\/141052"}],"wp:attachment":[{"href":"https:\/\/diarioregionaldigital.com.br\/index.php?rest_route=%2Fwp%2Fv2%2Fmedia&parent=141051"}],"wp:term":[{"taxonomy":"category","embeddable":true,"href":"https:\/\/diarioregionaldigital.com.br\/index.php?rest_route=%2Fwp%2Fv2%2Fcategories&post=141051"},{"taxonomy":"post_tag","embeddable":true,"href":"https:\/\/diarioregionaldigital.com.br\/index.php?rest_route=%2Fwp%2Fv2%2Ftags&post=141051"}],"curies":[{"name":"wp","href":"https:\/\/api.w.org\/{rel}","templated":true}]}}