{"id":141048,"date":"2019-05-29T13:45:47","date_gmt":"2019-05-29T16:45:47","guid":{"rendered":"https:\/\/diarioregionaldigital.com.br\/?p=141048"},"modified":"2019-05-29T13:45:47","modified_gmt":"2019-05-29T16:45:47","slug":"em-quatro-meses-pequenos-negocios-criam-quase-300-mil-empregos","status":"publish","type":"post","link":"https:\/\/diarioregionaldigital.com.br\/?p=141048","title":{"rendered":"Em quatro meses, pequenos neg\u00f3cios criam quase 300 mil empregos"},"content":{"rendered":"<p>Os pequenos neg\u00f3cios voltaram a responder pela gera\u00e7\u00e3o de novos empregos no m\u00eas de abril. Segundo levantamento feito pelo Servi\u00e7o Brasileiro de Apoio \u00e0s Micro e\u00a0Pequenas Empresa (Sebrae), baseado nos dados do Cadastro Geral de Empregados e Desempregados (Caged), do Minist\u00e9rio da Economia, esse segmento gerou, no m\u00eas passado,\u00a093,7 mil postos de trabalho formais. O saldo foi quase tr\u00eas vezes maior que o gerado pelas m\u00e9dia e grandes empresas e representou 72,3% do total de empregos gerados no\u00a0pa\u00eds no mesmo per\u00edodo, que foi de 129,6 mil.<\/p>\n<p>No acumulado dos primeiros quatro meses do ano, os pequenos neg\u00f3cios abriram quase 300 mil novos empregos. As m\u00e9dias e grandes empresas (MGE) criaram apenas 20,3 mil\u00a0novas vagas. Entretanto, o saldo de postos de trabalho gerados pelas micro e pequenas empresas (MPE), no primeiro quadrimestre deste ano, ainda est\u00e1 14,4% abaixo do\u00a0saldo gerado por elas no mesmo per\u00edodo do ano passado.<\/p>\n<p>\u201cA recupera\u00e7\u00e3o do emprego passa pela retomada da economia, que depende diretamente da retomada da confian\u00e7a de investidores, da aprova\u00e7\u00e3o das reformas no Congresso\u00a0Nacional\u201d, analisa o presidente do Sebrae, Carlos Melles. \u201cOs n\u00fameros mostram que o empreendedorismo est\u00e1 no sangue do povo brasileiro. Foram os pequenos neg\u00f3cios os\u00a0grandes respons\u00e1veis pelo grande n\u00famero de abertura de vagas no mercado de trabalho. E isso mesmo em tempos dif\u00edceis economicamente\u201d, acrescenta.<\/p>\n<h2>Servi\u00e7os<\/h2>\n<p>O levantamento do Sebrae apontou ainda que nos primeiros quatro meses do ano, as MPEs do setor de Servi\u00e7os capitanearam a gera\u00e7\u00e3o de empregos, com um saldo de 193 mil\u00a0novos postos de trabalho, 69% do total de empregos gerados no per\u00edodo de 2019. As MPEs que atuam no com\u00e9rcio, por\u00e9m, ainda continuam a registrar saldos negativos de\u00a0vagas de trabalho no acumulado de 2019, o que significa que demitiram mais do que contrataram. Mesmo assim, ainda geraram 10,6 mil postos no m\u00eas passado.<\/p>\n<p>Em todos os setores, as MPEs registraram saldos positivos de empregos gerados no m\u00eas de abril de 2019, mas foram os pequenos neg\u00f3cios do setor de Servi\u00e7os que puxaram a\u00a0gera\u00e7\u00e3o de empregos, criando mais de 55 mil postos de trabalho, 3,6 vezes mais do que as MPEs da constru\u00e7\u00e3o civil, segundo setor em que as micro e pequenas empresas\u00a0mais empregaram nesse m\u00eas. Pelo levantamento, as m\u00e9dias e grandes empresas tiveram uma queda de 1.057 postos de trabalho neste segmento, enquanto os pequenos neg\u00f3cios\u00a0abriram 15,1 mil vagas.<\/p>\n<h2>Estados<\/h2>\n<p>As micro e pequenas empresas do estado de S\u00e3o Paulo lideraram a gera\u00e7\u00e3o de empregos no pa\u00eds em abril deste ano, respondendo pela cria\u00e7\u00e3o de 29,3 mil postos de trabalho\u00a0e foram acompanhadas pelas MPEs de Minas Gerais, com 14,7 mil empregos. Com isso, as MPEs da regi\u00e3o Sudeste foram as que mais geraram postos de trabalho neste m\u00eas no\u00a0pa\u00eds (52,9 mil empregos), seguidas pelos pequenos neg\u00f3cios da regi\u00e3o Nordeste, que responderam pela gera\u00e7\u00e3o de 17,8 mil empregos. Praticamente todos os estados do pa\u00eds\u00a0tiveram saldo positivo, com exce\u00e7\u00e3o ao Rio Grande do Sul, que registrou mais demiss\u00f5es que contrata\u00e7\u00f5es no segmento.<\/p>\n<p>Fonte: Ag\u00eancia Brasil<\/p>\n","protected":false},"excerpt":{"rendered":"<p>Os pequenos neg\u00f3cios voltaram a responder pela gera\u00e7\u00e3o de novos empregos no m\u00eas de abril. Segundo levantamento feito pelo Servi\u00e7o Brasileiro de Apoio \u00e0s Micro e\u00a0Pequenas Empresa (Sebrae), baseado nos dados do Cadastro Geral de Empregados e Desempregados (Caged), do Minist\u00e9rio da Economia, esse segmento gerou, no m\u00eas passado,\u00a093,7 mil postos de trabalho formais. O [&hellip;]<\/p>\n","protected":false},"author":96,"featured_media":141049,"comment_status":"closed","ping_status":"closed","sticky":false,"template":"","format":"standard","meta":{"footnotes":""},"categories":[436,261,439],"tags":[],"class_list":["post-141048","post","type-post","status-publish","format-standard","has-post-thumbnail","hentry","category-destaque-da-semana","category-economia","category-ultima-hora"],"_links":{"self":[{"href":"https:\/\/diarioregionaldigital.com.br\/index.php?rest_route=\/wp\/v2\/posts\/141048","targetHints":{"allow":["GET"]}}],"collection":[{"href":"https:\/\/diarioregionaldigital.com.br\/index.php?rest_route=\/wp\/v2\/posts"}],"about":[{"href":"https:\/\/diarioregionaldigital.com.br\/index.php?rest_route=\/wp\/v2\/types\/post"}],"author":[{"embeddable":true,"href":"https:\/\/diarioregionaldigital.com.br\/index.php?rest_route=\/wp\/v2\/users\/96"}],"replies":[{"embeddable":true,"href":"https:\/\/diarioregionaldigital.com.br\/index.php?rest_route=%2Fwp%2Fv2%2Fcomments&post=141048"}],"version-history":[{"count":0,"href":"https:\/\/diarioregionaldigital.com.br\/index.php?rest_route=\/wp\/v2\/posts\/141048\/revisions"}],"wp:featuredmedia":[{"embeddable":true,"href":"https:\/\/diarioregionaldigital.com.br\/index.php?rest_route=\/wp\/v2\/media\/141049"}],"wp:attachment":[{"href":"https:\/\/diarioregionaldigital.com.br\/index.php?rest_route=%2Fwp%2Fv2%2Fmedia&parent=141048"}],"wp:term":[{"taxonomy":"category","embeddable":true,"href":"https:\/\/diarioregionaldigital.com.br\/index.php?rest_route=%2Fwp%2Fv2%2Fcategories&post=141048"},{"taxonomy":"post_tag","embeddable":true,"href":"https:\/\/diarioregionaldigital.com.br\/index.php?rest_route=%2Fwp%2Fv2%2Ftags&post=141048"}],"curies":[{"name":"wp","href":"https:\/\/api.w.org\/{rel}","templated":true}]}}