{"id":141025,"date":"2019-05-28T19:55:12","date_gmt":"2019-05-28T22:55:12","guid":{"rendered":"https:\/\/diarioregionaldigital.com.br\/?p=141025"},"modified":"2019-05-28T19:55:12","modified_gmt":"2019-05-28T22:55:12","slug":"onyx-tres-poderes-assinarao-pacto-para-retomada-do-crescimento","status":"publish","type":"post","link":"https:\/\/diarioregionaldigital.com.br\/?p=141025","title":{"rendered":"Onyx: Tr\u00eas Poderes assinar\u00e3o pacto para retomada do crescimento"},"content":{"rendered":"<p>Os representantes dos tr\u00eas Poderes assinar\u00e3o um pacto de entendimento com metas e a\u00e7\u00f5es que as institui\u00e7\u00f5es v\u00e3o buscar, em conjunto, em favor da retomada do crescimento do pa\u00eds. A informa\u00e7\u00e3o \u00e9 do ministro da Casa Civil, Onyx Lorenzoni, ap\u00f3s caf\u00e9 da manh\u00e3, hoje (28), no Pal\u00e1cio da Alvorada, com o presidente Jair Bolsonaro e os presidentes do Supremo Tribunal Federal, ministro Dias Toffoli, da C\u00e2mara dos Deputados, Rodrigo Maia, e do Senado, Davi Alcolumbre.<\/p>\n<p>\u201cN\u00f3s n\u00e3o podemos esquecer que o Brasil vive uma crise muito grave do ponto de vista da empregabilidade, das dificuldades do mundo da economia. E essa possibilidade de que o Poder Executivo, Legislativo, atrav\u00e9s da representa\u00e7\u00e3o da C\u00e2mara e do Senado, e do Poder Judici\u00e1rio possam dialogar a favor do Brasil, isso \u00e9 algo extremamente importante\u201d, disse Onyx, explicando que os conflitos entre os poderes \u201cn\u00e3o ajudam aos cidad\u00e3os que precisam de emprego e renda\u201d.<\/p>\n<p>De acordo com Onyx, o pacto deve ser formalizado no dia 10 de junho, no Pal\u00e1cio do Planalto, e os encontros entre os chefes dos poderes devem acontecer periodicamente para permitir esse di\u00e1logo constante. O texto base \u00e9 do ministro Dias Toffoli e est\u00e1 sendo consolidado em comum acordo.<\/p>\n<p>A reforma do sistema previdenci\u00e1rio deve constar no pacto e, segundo Onyx, \u00e9 uma exig\u00eancia para o pa\u00eds retomar o crescimento e a gera\u00e7\u00e3o de empregos. \u201cO Brasil est\u00e1 desequilibrado fiscalmente e com deficit fiscal de R$ 50 bilh\u00f5es por ano que tem origem s\u00f3 na Previd\u00eancia. Claro que isso fez parte da conversa, est\u00e3o todos preocupados e todos querem construir um caminho aonde o Brasil possa passar o portal do equil\u00edbrio fiscal e a\u00ed ir para o caminho da prosperidade, que \u00e9 o que todos n\u00f3s desejamos\u201d.<\/p>\n<p>O encontro no Pal\u00e1cio da Alvorada acontece ap\u00f3s as manifesta\u00e7\u00f5es do \u00faltimo domingo (26), onde Congresso e STF foram criticados pelos manifestantes. Para Onyx, as institui\u00e7\u00f5es precisam dar consequ\u00eancia \u00e0quilo que os cidad\u00e3os pedem nas ruas. \u201cTodos os brasileiros querem que o pa\u00eds d\u00ea certo, independente da sua colora\u00e7\u00e3o pol\u00edtica, partid\u00e1ria, independente da sua ideologia. E todos n\u00f3s estamos muitos atentos \u00e0quilo que a sociedade nos mostra, por que essa \u00e9 a responsabilidade de quem chefia os Poderes\u201d.<\/p>\n<p>Tamb\u00e9m participam do encontro os ministros da Economia, Paulo Guedes, e do Gabinete de Seguran\u00e7a Institucional, general Augusto Heleno.<\/p>\n<p>&nbsp;<\/p>\n<p>Fonte: Ag\u00eancia Brasil<\/p>\n","protected":false},"excerpt":{"rendered":"<p>Os representantes dos tr\u00eas Poderes assinar\u00e3o um pacto de entendimento com metas e a\u00e7\u00f5es que as institui\u00e7\u00f5es v\u00e3o buscar, em conjunto, em favor da retomada do crescimento do pa\u00eds. A informa\u00e7\u00e3o \u00e9 do ministro da Casa Civil, Onyx Lorenzoni, ap\u00f3s caf\u00e9 da manh\u00e3, hoje (28), no Pal\u00e1cio da Alvorada, com o presidente Jair Bolsonaro e [&hellip;]<\/p>\n","protected":false},"author":96,"featured_media":141028,"comment_status":"closed","ping_status":"closed","sticky":false,"template":"","format":"standard","meta":{"footnotes":""},"categories":[436,254,439],"tags":[],"class_list":["post-141025","post","type-post","status-publish","format-standard","has-post-thumbnail","hentry","category-destaque-da-semana","category-politica","category-ultima-hora"],"_links":{"self":[{"href":"https:\/\/diarioregionaldigital.com.br\/index.php?rest_route=\/wp\/v2\/posts\/141025","targetHints":{"allow":["GET"]}}],"collection":[{"href":"https:\/\/diarioregionaldigital.com.br\/index.php?rest_route=\/wp\/v2\/posts"}],"about":[{"href":"https:\/\/diarioregionaldigital.com.br\/index.php?rest_route=\/wp\/v2\/types\/post"}],"author":[{"embeddable":true,"href":"https:\/\/diarioregionaldigital.com.br\/index.php?rest_route=\/wp\/v2\/users\/96"}],"replies":[{"embeddable":true,"href":"https:\/\/diarioregionaldigital.com.br\/index.php?rest_route=%2Fwp%2Fv2%2Fcomments&post=141025"}],"version-history":[{"count":0,"href":"https:\/\/diarioregionaldigital.com.br\/index.php?rest_route=\/wp\/v2\/posts\/141025\/revisions"}],"wp:featuredmedia":[{"embeddable":true,"href":"https:\/\/diarioregionaldigital.com.br\/index.php?rest_route=\/wp\/v2\/media\/141028"}],"wp:attachment":[{"href":"https:\/\/diarioregionaldigital.com.br\/index.php?rest_route=%2Fwp%2Fv2%2Fmedia&parent=141025"}],"wp:term":[{"taxonomy":"category","embeddable":true,"href":"https:\/\/diarioregionaldigital.com.br\/index.php?rest_route=%2Fwp%2Fv2%2Fcategories&post=141025"},{"taxonomy":"post_tag","embeddable":true,"href":"https:\/\/diarioregionaldigital.com.br\/index.php?rest_route=%2Fwp%2Fv2%2Ftags&post=141025"}],"curies":[{"name":"wp","href":"https:\/\/api.w.org\/{rel}","templated":true}]}}