{"id":141024,"date":"2019-05-28T19:54:07","date_gmt":"2019-05-28T22:54:07","guid":{"rendered":"https:\/\/diarioregionaldigital.com.br\/?p=141024"},"modified":"2019-05-28T19:54:07","modified_gmt":"2019-05-28T22:54:07","slug":"maia-pedira-a-relator-da-previdencia-para-apresentar-texto-ate-dia-15","status":"publish","type":"post","link":"https:\/\/diarioregionaldigital.com.br\/?p=141024","title":{"rendered":"Maia pedir\u00e1 a relator da Previd\u00eancia para apresentar texto at\u00e9 dia 15"},"content":{"rendered":"<p>O presidente da C\u00e2mara dos Deputados, Rodrigo Maia, disse na ter\u00e7a-feira (28), que pedir\u00e1 ao relator da reforma da Previd\u00eancia, deputado Samuel Moreira (PSDB-SP), para apresentar seu parecer na Comiss\u00e3o Especial antes do dia 15 de junho. O objetivo \u00e9 que haja tempo do texto ser votado na comiss\u00e3o e tamb\u00e9m no plen\u00e1rio da C\u00e2mara dos Deputados ainda no primeiro semestre.<\/p>\n<p>\u201cVou pedir a ele que apresente o projeto dele antes do dia 15. A gente precisa encurtar um pouco esse prazo da vota\u00e7\u00e3o para que n\u00e3o chegue muito no limite, no final do primeiro semestre. Eu sou muito otimista. Seria bom que a gente conseguisse antecipar a apresenta\u00e7\u00e3o desse relat\u00f3rio em uma semana, em 5 dias, para que a gente possa ter mais tempo para vota\u00e7\u00e3o na comiss\u00e3o e no plen\u00e1rio\u201d, disse Maia, ao deixar o Minist\u00e9rio da Economia, acompanhado pelo ministro Paulo Guedes.<\/p>\n<p>&nbsp;<\/p>\n<p><strong>Efici\u00eancia<\/strong><\/p>\n<p>O presidente da C\u00e2mara e 13 deputados se reuniram com o ministro da Economia para tratar de melhora na efici\u00eancia e moderniza\u00e7\u00e3o do Estado. \u201cTrouxe um grupo de deputados jovens, que t\u00eam converg\u00eancia natural com essa agenda. Eles v\u00e3o nos ajudar, com seus partidos, a organizar os textos para quando os projetos forem encaminhados ao plen\u00e1rio para vota\u00e7\u00e3o. A Previd\u00eancia tem peso enorme, mas a reestrutura\u00e7\u00e3o do Estado brasileiro tamb\u00e9m tem um peso enorme, j\u00e1 que o Estado tamb\u00e9m encareceu nos \u00faltimos anos e aumentou a sua inefici\u00eancia\u201d, disse.<\/p>\n<p>Maia informou que est\u00e1 sendo negociada a reorganiza\u00e7\u00e3o da regra de ouro, devido ao engessamento do Or\u00e7amento com despesas obrigat\u00f3rias. De acordo com ele, est\u00e3o sendo estudadas em quais condi\u00e7\u00f5es o governo poder\u00e1 ter gastos acima do previsto na regra de ouro, com restri\u00e7\u00f5es, como bloqueio a aumento de sal\u00e1rios, de servi\u00e7os e redu\u00e7\u00f5es de despesas, por exemplo. A regra de ouro diz que governo n\u00e3o pode endividar-se para financiar gastos correntes (como a manuten\u00e7\u00e3o da m\u00e1quina p\u00fablica), apenas para despesas de capital (como investimento e amortiza\u00e7\u00e3o da d\u00edvida p\u00fablica) ou para refinanciar a d\u00edvida p\u00fablica.<\/p>\n<p>&nbsp;<\/p>\n<p><strong>Manifesta\u00e7\u00f5es<\/strong><\/p>\n<p>Sobre as manifesta\u00e7\u00f5es em apoio ao governo no \u00faltimo domingo (26) e os protestos no dia 15 deste m\u00eas contra cortes no or\u00e7amento da Educa\u00e7\u00e3o, Maia disse que s\u00e3o leg\u00edtimas e mostram que a democracia est\u00e1 viva. Ele acrescentou que todas as manifesta\u00e7\u00f5es trazem uma mensagem que deve ser considerada pelos pol\u00edticos.<\/p>\n<p>Mais cedo, Maia participou de caf\u00e9 da manh\u00e3, no Pal\u00e1cio da Alvorada, com o presidente Jair Bolsonaro e os presidentes do Supremo Tribunal Federal (STF), ministro Dias Toffoli, e do Senado, Davi Alcolumbre. No encontro, os representantes dos Tr\u00eas Poderes se comprometeram a assinar um pacto de entendimento com metas e a\u00e7\u00f5es que as institui\u00e7\u00f5es v\u00e3o buscar, em conjunto, em favor da retomada do crescimento do pa\u00eds.<\/p>\n<p>O presidente da C\u00e2mara negou que o acordo seja uma consequ\u00eancia das manifesta\u00e7\u00f5es de domingo. \u201cO presidente Toffoli prop\u00f4s o pacto entre os poderes h\u00e1 dois meses. N\u00e3o foi ap\u00f3s as manifesta\u00e7\u00f5es\u201d, afirmou.<\/p>\n<p>Maia disse que vai consultar os l\u00edderes na C\u00e2mara para sobre o texto do pacto e s\u00f3 assinar\u00e1 o documento com o apoio desses deputados.<\/p>\n<p>&nbsp;<\/p>\n<p>Fonte: Ag\u00eancia Brasil<\/p>\n","protected":false},"excerpt":{"rendered":"<p>O presidente da C\u00e2mara dos Deputados, Rodrigo Maia, disse na ter\u00e7a-feira (28), que pedir\u00e1 ao relator da reforma da Previd\u00eancia, deputado Samuel Moreira (PSDB-SP), para apresentar seu parecer na Comiss\u00e3o Especial antes do dia 15 de junho. O objetivo \u00e9 que haja tempo do texto ser votado na comiss\u00e3o e tamb\u00e9m no plen\u00e1rio da C\u00e2mara [&hellip;]<\/p>\n","protected":false},"author":96,"featured_media":141026,"comment_status":"closed","ping_status":"closed","sticky":false,"template":"","format":"standard","meta":{"footnotes":""},"categories":[436,254,439],"tags":[],"class_list":["post-141024","post","type-post","status-publish","format-standard","has-post-thumbnail","hentry","category-destaque-da-semana","category-politica","category-ultima-hora"],"_links":{"self":[{"href":"https:\/\/diarioregionaldigital.com.br\/index.php?rest_route=\/wp\/v2\/posts\/141024","targetHints":{"allow":["GET"]}}],"collection":[{"href":"https:\/\/diarioregionaldigital.com.br\/index.php?rest_route=\/wp\/v2\/posts"}],"about":[{"href":"https:\/\/diarioregionaldigital.com.br\/index.php?rest_route=\/wp\/v2\/types\/post"}],"author":[{"embeddable":true,"href":"https:\/\/diarioregionaldigital.com.br\/index.php?rest_route=\/wp\/v2\/users\/96"}],"replies":[{"embeddable":true,"href":"https:\/\/diarioregionaldigital.com.br\/index.php?rest_route=%2Fwp%2Fv2%2Fcomments&post=141024"}],"version-history":[{"count":0,"href":"https:\/\/diarioregionaldigital.com.br\/index.php?rest_route=\/wp\/v2\/posts\/141024\/revisions"}],"wp:featuredmedia":[{"embeddable":true,"href":"https:\/\/diarioregionaldigital.com.br\/index.php?rest_route=\/wp\/v2\/media\/141026"}],"wp:attachment":[{"href":"https:\/\/diarioregionaldigital.com.br\/index.php?rest_route=%2Fwp%2Fv2%2Fmedia&parent=141024"}],"wp:term":[{"taxonomy":"category","embeddable":true,"href":"https:\/\/diarioregionaldigital.com.br\/index.php?rest_route=%2Fwp%2Fv2%2Fcategories&post=141024"},{"taxonomy":"post_tag","embeddable":true,"href":"https:\/\/diarioregionaldigital.com.br\/index.php?rest_route=%2Fwp%2Fv2%2Ftags&post=141024"}],"curies":[{"name":"wp","href":"https:\/\/api.w.org\/{rel}","templated":true}]}}