{"id":141021,"date":"2019-05-28T19:50:56","date_gmt":"2019-05-28T22:50:56","guid":{"rendered":"https:\/\/diarioregionaldigital.com.br\/?p=141021"},"modified":"2019-05-28T19:57:55","modified_gmt":"2019-05-28T22:57:55","slug":"confianca-do-empresario-da-industria-cai-07-ponto-em-maio","status":"publish","type":"post","link":"https:\/\/diarioregionaldigital.com.br\/?p=141021","title":{"rendered":"Confian\u00e7a do empres\u00e1rio da ind\u00fastria cai 0,7 ponto em maio"},"content":{"rendered":"<p>O \u00cdndice de Confian\u00e7a da Ind\u00fastria, calculado pela Funda\u00e7\u00e3o Getulio Vargas (FGV), recuou 0,7 ponto de abril para maio. Com a queda, o indicador passou para 97,2 pontos, em uma escala de zero a 200.<\/p>\n<p>A confian\u00e7a caiu em dez dos 19 segmentos industriais pesquisados pela FGV. A queda foi puxada pelo recuo de 1,5 ponto do \u00cdndice de Expectativas, que mede a confian\u00e7a dos empres\u00e1rios no futuro: passou para 95,9 pontos. A principal influ\u00eancia veio da perspectiva de contrata\u00e7\u00f5es do setor nos pr\u00f3ximos tr\u00eas meses, que diminuiu 3,6 pontos.<\/p>\n<p>J\u00e1 o \u00cdndice da Situa\u00e7\u00e3o Atual, que mede a confian\u00e7a dos empres\u00e1rios no momento presente, permaneceu est\u00e1vel em 98,5 pontos. Houve queda de 2,9 pontos do indicador do n\u00edvel de estoques, mas as outras duas vari\u00e1veis cresceram, o que levou \u00e0 estabilidade do \u00cdndice da Situa\u00e7\u00e3o Atual.<\/p>\n<p>Segundo o pesquisador da FGV Aloisio Campelo Jr., o resultado mostra um empresariado ligeiramente pessimista em rela\u00e7\u00e3o aos pr\u00f3ximos meses. Quanto \u00e0 situa\u00e7\u00e3o atual, h\u00e1, para Campelo Jr., sinais d\u00fabios. \u201cAp\u00f3s meses andando de lado, o n\u00edvel de utiliza\u00e7\u00e3o da capacidade voltou a subir, mas houve, em paralelo, ac\u00famulo de estoques indesejados\u201d, disse.<\/p>\n<p>O N\u00edvel de Utiliza\u00e7\u00e3o da Capacidade Instalada (Nuci) subiu 0,8 ponto percentual entre abril e maio, retornando para 75,3%, o mesmo patamar de novembro de 2018.<\/p>\n<p>Fonte: Ag\u00eancia Brasil<\/p>\n","protected":false},"excerpt":{"rendered":"<p>O \u00cdndice de Confian\u00e7a da Ind\u00fastria, calculado pela Funda\u00e7\u00e3o Getulio Vargas (FGV), recuou 0,7 ponto de abril para maio. Com a queda, o indicador passou para 97,2 pontos, em uma escala de zero a 200. A confian\u00e7a caiu em dez dos 19 segmentos industriais pesquisados pela FGV. A queda foi puxada pelo recuo de 1,5 [&hellip;]<\/p>\n","protected":false},"author":96,"featured_media":134360,"comment_status":"closed","ping_status":"closed","sticky":false,"template":"","format":"standard","meta":{"footnotes":""},"categories":[436,261,439],"tags":[],"class_list":["post-141021","post","type-post","status-publish","format-standard","has-post-thumbnail","hentry","category-destaque-da-semana","category-economia","category-ultima-hora"],"_links":{"self":[{"href":"https:\/\/diarioregionaldigital.com.br\/index.php?rest_route=\/wp\/v2\/posts\/141021","targetHints":{"allow":["GET"]}}],"collection":[{"href":"https:\/\/diarioregionaldigital.com.br\/index.php?rest_route=\/wp\/v2\/posts"}],"about":[{"href":"https:\/\/diarioregionaldigital.com.br\/index.php?rest_route=\/wp\/v2\/types\/post"}],"author":[{"embeddable":true,"href":"https:\/\/diarioregionaldigital.com.br\/index.php?rest_route=\/wp\/v2\/users\/96"}],"replies":[{"embeddable":true,"href":"https:\/\/diarioregionaldigital.com.br\/index.php?rest_route=%2Fwp%2Fv2%2Fcomments&post=141021"}],"version-history":[{"count":0,"href":"https:\/\/diarioregionaldigital.com.br\/index.php?rest_route=\/wp\/v2\/posts\/141021\/revisions"}],"wp:featuredmedia":[{"embeddable":true,"href":"https:\/\/diarioregionaldigital.com.br\/index.php?rest_route=\/wp\/v2\/media\/134360"}],"wp:attachment":[{"href":"https:\/\/diarioregionaldigital.com.br\/index.php?rest_route=%2Fwp%2Fv2%2Fmedia&parent=141021"}],"wp:term":[{"taxonomy":"category","embeddable":true,"href":"https:\/\/diarioregionaldigital.com.br\/index.php?rest_route=%2Fwp%2Fv2%2Fcategories&post=141021"},{"taxonomy":"post_tag","embeddable":true,"href":"https:\/\/diarioregionaldigital.com.br\/index.php?rest_route=%2Fwp%2Fv2%2Ftags&post=141021"}],"curies":[{"name":"wp","href":"https:\/\/api.w.org\/{rel}","templated":true}]}}