{"id":140979,"date":"2019-05-28T11:28:00","date_gmt":"2019-05-28T14:28:00","guid":{"rendered":"https:\/\/diarioregionaldigital.com.br\/?p=140979"},"modified":"2019-05-28T11:28:00","modified_gmt":"2019-05-28T14:28:00","slug":"dani-alves-sera-o-capitao-da-selecao-nos-amistosos-e-copa-america","status":"publish","type":"post","link":"https:\/\/diarioregionaldigital.com.br\/?p=140979","title":{"rendered":"Dani Alves ser\u00e1 o capit\u00e3o da Sele\u00e7\u00e3o nos amistosos e Copa Am\u00e9rica"},"content":{"rendered":"<p>Daniel Alves ser\u00e1 o capit\u00e3o da Sele\u00e7\u00e3o Brasileira nos amistosos contra Catar e Honduras e na Copa Am\u00e9rica Brasil 2019. Campe\u00e3o da Copa Am\u00e9rica em 2007 e da Copa das Confedera\u00e7\u00f5es em 2009 e 2013, ele \u00e9 o jogador com maior n\u00famero de convoca\u00e7\u00f5es no grupo atual: s\u00e3o 138.<\/p>\n<p>Quando entrar em campo no dia 5 de junho para o amistoso contra o Catar, Dani retomar\u00e1 a capitania pela quinta vez sob o comando do t\u00e9cnico Tite. A \u00faltima vez que o lateral-direito usou a bra\u00e7adeira foi na vit\u00f3ria por um a zero contra a Alemanha, em mar\u00e7o de 2018, coincidentemente sua \u00faltima partida pela Sele\u00e7\u00e3o antes da les\u00e3o que o retirou da Copa da R\u00fassia.<\/p>\n<p>A decis\u00e3o foi comunicada por Tite a Neymar no \u00faltimo s\u00e1bado, 25. Ap\u00f3s o treino do domingo, 26, \u00a0o treinador conversou com Daniel Alves para inform\u00e1-lo de sua escolha.<\/p>\n<p>Depois de cinco dias de trabalho na Granja Comary, os jogadores da Sele\u00e7\u00e3o est\u00e3o de folga nesta segunda-feira e retornam aos treinos amanh\u00e3.<\/p>\n<p>&nbsp;<\/p>\n<p><strong>Fonte: CBF <\/strong><\/p>\n","protected":false},"excerpt":{"rendered":"<p>Daniel Alves ser\u00e1 o capit\u00e3o da Sele\u00e7\u00e3o Brasileira nos amistosos contra Catar e Honduras e na Copa Am\u00e9rica Brasil 2019. Campe\u00e3o da Copa Am\u00e9rica em 2007 e da Copa das Confedera\u00e7\u00f5es em 2009 e 2013, ele \u00e9 o jogador com maior n\u00famero de convoca\u00e7\u00f5es no grupo atual: s\u00e3o 138. Quando entrar em campo no dia [&hellip;]<\/p>\n","protected":false},"author":96,"featured_media":0,"comment_status":"closed","ping_status":"closed","sticky":false,"template":"","format":"standard","meta":{"footnotes":""},"categories":[257,439],"tags":[],"class_list":["post-140979","post","type-post","status-publish","format-standard","hentry","category-esporte","category-ultima-hora"],"_links":{"self":[{"href":"https:\/\/diarioregionaldigital.com.br\/index.php?rest_route=\/wp\/v2\/posts\/140979","targetHints":{"allow":["GET"]}}],"collection":[{"href":"https:\/\/diarioregionaldigital.com.br\/index.php?rest_route=\/wp\/v2\/posts"}],"about":[{"href":"https:\/\/diarioregionaldigital.com.br\/index.php?rest_route=\/wp\/v2\/types\/post"}],"author":[{"embeddable":true,"href":"https:\/\/diarioregionaldigital.com.br\/index.php?rest_route=\/wp\/v2\/users\/96"}],"replies":[{"embeddable":true,"href":"https:\/\/diarioregionaldigital.com.br\/index.php?rest_route=%2Fwp%2Fv2%2Fcomments&post=140979"}],"version-history":[{"count":0,"href":"https:\/\/diarioregionaldigital.com.br\/index.php?rest_route=\/wp\/v2\/posts\/140979\/revisions"}],"wp:attachment":[{"href":"https:\/\/diarioregionaldigital.com.br\/index.php?rest_route=%2Fwp%2Fv2%2Fmedia&parent=140979"}],"wp:term":[{"taxonomy":"category","embeddable":true,"href":"https:\/\/diarioregionaldigital.com.br\/index.php?rest_route=%2Fwp%2Fv2%2Fcategories&post=140979"},{"taxonomy":"post_tag","embeddable":true,"href":"https:\/\/diarioregionaldigital.com.br\/index.php?rest_route=%2Fwp%2Fv2%2Ftags&post=140979"}],"curies":[{"name":"wp","href":"https:\/\/api.w.org\/{rel}","templated":true}]}}