{"id":140976,"date":"2019-05-28T11:27:00","date_gmt":"2019-05-28T14:27:00","guid":{"rendered":"https:\/\/diarioregionaldigital.com.br\/?p=140976"},"modified":"2019-05-28T11:27:00","modified_gmt":"2019-05-28T14:27:00","slug":"instituto-marcelo-augusto-realiza-peneira-em-jf","status":"publish","type":"post","link":"https:\/\/diarioregionaldigital.com.br\/?p=140976","title":{"rendered":"Instituto Marcelo Augusto realiza peneira em JF"},"content":{"rendered":"<p>O Instituto Marcelo Augusto 13 vai realizar uma peneira, em parceria com o Vasco da Gama, no dias 31 de maio e 1\u00ba de junho, no campo de futebol de Paula Lima.<\/p>\n<p>Interessados podem se inscrever at\u00e9 o dia 29 de maio e o investimento \u00e9 de R$ 30.<\/p>\n<p>O p\u00fablico alvo s\u00e3o jovens nascidos nos anos de 2004 a 2007. A estimativa \u00e9 trabalhar com at\u00e9 300 jovens.<\/p>\n<p>A avalia\u00e7\u00e3o ser\u00e1 feita por profissionais das categorias de base do Vasco e por Gon\u00e7alves, ex-goleiro do Tupi.<\/p>\n<p>O Instituto Marcelo Augusto 13 foi criado em agosto de 2017, em homenagem ao zagueiro Marcelo Augusto, uma das v\u00edtimas do acidente a\u00e9reo que matou grande parte do elenco da Chapecoense.<\/p>\n<p>Mais informa\u00e7\u00f5es pelo telefone (32) 3223-7386.<\/p>\n","protected":false},"excerpt":{"rendered":"<p>O Instituto Marcelo Augusto 13 vai realizar uma peneira, em parceria com o Vasco da Gama, no dias 31 de maio e 1\u00ba de junho, no campo de futebol de Paula Lima. Interessados podem se inscrever at\u00e9 o dia 29 de maio e o investimento \u00e9 de R$ 30. O p\u00fablico alvo s\u00e3o jovens nascidos [&hellip;]<\/p>\n","protected":false},"author":96,"featured_media":140977,"comment_status":"closed","ping_status":"closed","sticky":false,"template":"","format":"standard","meta":{"footnotes":""},"categories":[257,439],"tags":[],"class_list":["post-140976","post","type-post","status-publish","format-standard","has-post-thumbnail","hentry","category-esporte","category-ultima-hora"],"_links":{"self":[{"href":"https:\/\/diarioregionaldigital.com.br\/index.php?rest_route=\/wp\/v2\/posts\/140976","targetHints":{"allow":["GET"]}}],"collection":[{"href":"https:\/\/diarioregionaldigital.com.br\/index.php?rest_route=\/wp\/v2\/posts"}],"about":[{"href":"https:\/\/diarioregionaldigital.com.br\/index.php?rest_route=\/wp\/v2\/types\/post"}],"author":[{"embeddable":true,"href":"https:\/\/diarioregionaldigital.com.br\/index.php?rest_route=\/wp\/v2\/users\/96"}],"replies":[{"embeddable":true,"href":"https:\/\/diarioregionaldigital.com.br\/index.php?rest_route=%2Fwp%2Fv2%2Fcomments&post=140976"}],"version-history":[{"count":0,"href":"https:\/\/diarioregionaldigital.com.br\/index.php?rest_route=\/wp\/v2\/posts\/140976\/revisions"}],"wp:featuredmedia":[{"embeddable":true,"href":"https:\/\/diarioregionaldigital.com.br\/index.php?rest_route=\/wp\/v2\/media\/140977"}],"wp:attachment":[{"href":"https:\/\/diarioregionaldigital.com.br\/index.php?rest_route=%2Fwp%2Fv2%2Fmedia&parent=140976"}],"wp:term":[{"taxonomy":"category","embeddable":true,"href":"https:\/\/diarioregionaldigital.com.br\/index.php?rest_route=%2Fwp%2Fv2%2Fcategories&post=140976"},{"taxonomy":"post_tag","embeddable":true,"href":"https:\/\/diarioregionaldigital.com.br\/index.php?rest_route=%2Fwp%2Fv2%2Ftags&post=140976"}],"curies":[{"name":"wp","href":"https:\/\/api.w.org\/{rel}","templated":true}]}}