{"id":140969,"date":"2019-05-28T11:09:32","date_gmt":"2019-05-28T14:09:32","guid":{"rendered":"https:\/\/diarioregionaldigital.com.br\/?p=140969"},"modified":"2019-05-28T11:09:32","modified_gmt":"2019-05-28T14:09:32","slug":"cruzeiro-e-investigado-criminalmente-por-transacoes-irregulares-e-quebra-regras-da-fifa-e-cbf","status":"publish","type":"post","link":"https:\/\/diarioregionaldigital.com.br\/?p=140969","title":{"rendered":"Cruzeiro \u00e9 investigado criminalmente por transa\u00e7\u00f5es irregulares e quebra regras da Fifa e CBF"},"content":{"rendered":"<p>Como se n\u00e3o bastasse o momento financeiro ca\u00f3tico e a turbul\u00eancia dentro das quatro linhas, o Cruzeiro tamb\u00e9m vive dias de terror com a pol\u00edcia. A diretoria da agremia\u00e7\u00e3o mineira \u00e9 investigada por quebrar regras da Fifa, da Confedera\u00e7\u00e3o Brasileira de Futebol (CBF) e at\u00e9 de infringir as leis do pa\u00eds.<\/p>\n<p>Em reportagem exibida no Fant\u00e1stico, na noite desse domingo, o clube cedeu direitos de jogadores, mentiu em balan\u00e7o financeiro entre outras situa\u00e7\u00f5es que n\u00e3o s\u00e3o permitidas. Segundo a mat\u00e9ria, a\u00a0atual gest\u00e3o fez uma venda de 20% de um garoto de 12 anos, que atua na base celeste. Isso \u00e9 ilegal e, de acordo com a publica\u00e7\u00e3o, nem mesmo o pai da crian\u00e7a sabia do ocorrido. Tamb\u00e9m citou caso de empr\u00e9stimo junto ao empres\u00e1rio Cristiano Richard dos Santos Machado e o pagamento com cess\u00e3o dos direitos de atletas, entre eles o garoto citado acima. No entanto, desde 2015, \u00e9 proibido ceder direitos a empresas, o passe s\u00f3 pode pertencer a um clube ou atleta.<\/p>\n<p>Al\u00e9m disso, de acordo com a publica\u00e7\u00e3o feita pelos jornalistas Gabriela Moreira \u2013 uma das principais rep\u00f3rteres investigativas do pa\u00eds \u2013 e Rodrigo Capelo, especializado em finan\u00e7as dos clubes, a diretoria fez transa\u00e7\u00f5es irregulares e mentiu no balan\u00e7o financeiro, colocando a venda de Arrascaeta em 2018, quando na verdade s\u00f3 ocorreu em janeiro de 2019 \u2013 algo que foi amplamente divulgado pela imprensa mineira e carioca.<\/p>\n<p>Ainda segundo a mat\u00e9ria do Fant\u00e1stico, dirigentes recebem \u201cbichos\u201d e premia\u00e7\u00f5es. O nome do vice-presidente Itair Machado foi citado diversas vezes, assim como de S\u00e9rgio Nonato, diretor-geral do clube. Vale ressaltar, inclusive, que Itair autorizou aumento de sal\u00e1rio dele mesmo em tr\u00eas oportunidades diferentes. Torcida organizadas receberam pagamentos.<\/p>\n<p>A d\u00edvida do clube aumentou de R$ 384 milh\u00f5es para R$ 520 milh\u00f5es.<\/p>\n<p><strong>Nota antes da hora<\/strong><\/p>\n<p>Algo que chamou aten\u00e7\u00e3o foi \u00e0 ansiedade do Cruzeiro. A reportagem nem tinha ido ao ar e a agremia\u00e7\u00e3o celeste publicou uma nota oficial em seu site. \u00c0s 18h13 (de Bras\u00edlia), a Raposa explicou que a reportagem \u00e9 motivada por derrotados na \u00faltima elei\u00e7\u00e3o presidencial: \u201cLamento que ainda n\u00e3o tenha acabado para alguns indiv\u00edduos\u201d.<\/p>\n<p>A nota ainda diz que a atual diretoria trabalha para colocar o clube nos trilos e corrigir erros de administra\u00e7\u00f5es passadas. A reportagem s\u00f3 foi exibida ap\u00f3s \u00e0s 22h30.<\/p>\n<p><strong>Fonte: Gazeta Press<\/strong><\/p>\n","protected":false},"excerpt":{"rendered":"<p>Como se n\u00e3o bastasse o momento financeiro ca\u00f3tico e a turbul\u00eancia dentro das quatro linhas, o Cruzeiro tamb\u00e9m vive dias de terror com a pol\u00edcia. A diretoria da agremia\u00e7\u00e3o mineira \u00e9 investigada por quebrar regras da Fifa, da Confedera\u00e7\u00e3o Brasileira de Futebol (CBF) e at\u00e9 de infringir as leis do pa\u00eds. Em reportagem exibida no [&hellip;]<\/p>\n","protected":false},"author":96,"featured_media":140970,"comment_status":"closed","ping_status":"closed","sticky":false,"template":"","format":"standard","meta":{"footnotes":""},"categories":[257,439],"tags":[],"class_list":["post-140969","post","type-post","status-publish","format-standard","has-post-thumbnail","hentry","category-esporte","category-ultima-hora"],"_links":{"self":[{"href":"https:\/\/diarioregionaldigital.com.br\/index.php?rest_route=\/wp\/v2\/posts\/140969","targetHints":{"allow":["GET"]}}],"collection":[{"href":"https:\/\/diarioregionaldigital.com.br\/index.php?rest_route=\/wp\/v2\/posts"}],"about":[{"href":"https:\/\/diarioregionaldigital.com.br\/index.php?rest_route=\/wp\/v2\/types\/post"}],"author":[{"embeddable":true,"href":"https:\/\/diarioregionaldigital.com.br\/index.php?rest_route=\/wp\/v2\/users\/96"}],"replies":[{"embeddable":true,"href":"https:\/\/diarioregionaldigital.com.br\/index.php?rest_route=%2Fwp%2Fv2%2Fcomments&post=140969"}],"version-history":[{"count":0,"href":"https:\/\/diarioregionaldigital.com.br\/index.php?rest_route=\/wp\/v2\/posts\/140969\/revisions"}],"wp:featuredmedia":[{"embeddable":true,"href":"https:\/\/diarioregionaldigital.com.br\/index.php?rest_route=\/wp\/v2\/media\/140970"}],"wp:attachment":[{"href":"https:\/\/diarioregionaldigital.com.br\/index.php?rest_route=%2Fwp%2Fv2%2Fmedia&parent=140969"}],"wp:term":[{"taxonomy":"category","embeddable":true,"href":"https:\/\/diarioregionaldigital.com.br\/index.php?rest_route=%2Fwp%2Fv2%2Fcategories&post=140969"},{"taxonomy":"post_tag","embeddable":true,"href":"https:\/\/diarioregionaldigital.com.br\/index.php?rest_route=%2Fwp%2Fv2%2Ftags&post=140969"}],"curies":[{"name":"wp","href":"https:\/\/api.w.org\/{rel}","templated":true}]}}