{"id":140930,"date":"2019-05-27T18:48:50","date_gmt":"2019-05-27T21:48:50","guid":{"rendered":"https:\/\/diarioregionaldigital.com.br\/?p=140930"},"modified":"2019-05-27T18:48:50","modified_gmt":"2019-05-27T21:48:50","slug":"cesama-ja-implantou-80-das-redes-do-novo-sistema-de-abastecimento-de-humaita","status":"publish","type":"post","link":"https:\/\/diarioregionaldigital.com.br\/?p=140930","title":{"rendered":"Cesama j\u00e1 implantou 80% das redes do novo sistema de abastecimento de Humait\u00e1"},"content":{"rendered":"<p>At\u00e9 setembro, o Distrito de Humait\u00e1 receber\u00e1 novo sistema de abastecimento da Companhia de Saneamento Municipal (Cesama). Dos 3.480 metros de redes de recalque e distribui\u00e7\u00e3o previstos, cerca de 2.780 j\u00e1 foram implantados, totalizando 80%. A obra teve in\u00edcio em janeiro e representa investimento de R$ 700 mil, que beneficiar\u00e1 190 im\u00f3veis, que, at\u00e9 ent\u00e3o, eram abastecidos por um a\u00e7ude e tr\u00eas minas.<\/p>\n<p>O diretor de desenvolvimento e expans\u00e3o da Cesama, Marcelo Mello do Amaral, explicou que o projeto ainda prev\u00ea a instala\u00e7\u00e3o de conjunto motobomba e reservat\u00f3rio com capacidade para 50 mil litros: \u201cOs trabalhos de terraplenagem para a implanta\u00e7\u00e3o do reservat\u00f3rio devem ser iniciados j\u00e1 no pr\u00f3ximo m\u00eas. Enquanto isso, j\u00e1 come\u00e7amos as obras civis do po\u00e7o artesiano\u201d.<\/p>\n<p>Para os pr\u00f3ximos tr\u00eas anos est\u00e3o previstas a\u00e7\u00f5es semelhantes nos distritos de Monte Verde e Chap\u00e9u d\u00b4Uvas, al\u00e9m de melhorias em Valadares, Paula Lima e Dias Tavares, regi\u00f5es que n\u00e3o t\u00eam condi\u00e7\u00f5es t\u00e9cnicas de conex\u00e3o com o sistema de abastecimento principal de Juiz de Fora. \u201cEstamos concluindo tamb\u00e9m o novo sistema de abastecimento do Distrito de Penido, totalizando investimento de R$ 640 mil. Em breve, o distrito contar\u00e1 com tr\u00eas mil metros de redes, um reservat\u00f3rio de 15 mil litros e uma esta\u00e7\u00e3o elevat\u00f3ria\u201d, detalhou o diretor.<\/p>\n<p>Fonte: PJF<\/p>\n","protected":false},"excerpt":{"rendered":"<p>At\u00e9 setembro, o Distrito de Humait\u00e1 receber\u00e1 novo sistema de abastecimento da Companhia de Saneamento Municipal (Cesama). Dos 3.480 metros de redes de recalque e distribui\u00e7\u00e3o previstos, cerca de 2.780 j\u00e1 foram implantados, totalizando 80%. A obra teve in\u00edcio em janeiro e representa investimento de R$ 700 mil, que beneficiar\u00e1 190 im\u00f3veis, que, at\u00e9 ent\u00e3o, [&hellip;]<\/p>\n","protected":false},"author":96,"featured_media":140928,"comment_status":"closed","ping_status":"closed","sticky":false,"template":"","format":"standard","meta":{"footnotes":""},"categories":[253,436,439],"tags":[],"class_list":["post-140930","post","type-post","status-publish","format-standard","has-post-thumbnail","hentry","category-cidade","category-destaque-da-semana","category-ultima-hora"],"_links":{"self":[{"href":"https:\/\/diarioregionaldigital.com.br\/index.php?rest_route=\/wp\/v2\/posts\/140930","targetHints":{"allow":["GET"]}}],"collection":[{"href":"https:\/\/diarioregionaldigital.com.br\/index.php?rest_route=\/wp\/v2\/posts"}],"about":[{"href":"https:\/\/diarioregionaldigital.com.br\/index.php?rest_route=\/wp\/v2\/types\/post"}],"author":[{"embeddable":true,"href":"https:\/\/diarioregionaldigital.com.br\/index.php?rest_route=\/wp\/v2\/users\/96"}],"replies":[{"embeddable":true,"href":"https:\/\/diarioregionaldigital.com.br\/index.php?rest_route=%2Fwp%2Fv2%2Fcomments&post=140930"}],"version-history":[{"count":0,"href":"https:\/\/diarioregionaldigital.com.br\/index.php?rest_route=\/wp\/v2\/posts\/140930\/revisions"}],"wp:featuredmedia":[{"embeddable":true,"href":"https:\/\/diarioregionaldigital.com.br\/index.php?rest_route=\/wp\/v2\/media\/140928"}],"wp:attachment":[{"href":"https:\/\/diarioregionaldigital.com.br\/index.php?rest_route=%2Fwp%2Fv2%2Fmedia&parent=140930"}],"wp:term":[{"taxonomy":"category","embeddable":true,"href":"https:\/\/diarioregionaldigital.com.br\/index.php?rest_route=%2Fwp%2Fv2%2Fcategories&post=140930"},{"taxonomy":"post_tag","embeddable":true,"href":"https:\/\/diarioregionaldigital.com.br\/index.php?rest_route=%2Fwp%2Fv2%2Ftags&post=140930"}],"curies":[{"name":"wp","href":"https:\/\/api.w.org\/{rel}","templated":true}]}}