{"id":140923,"date":"2019-05-27T16:39:12","date_gmt":"2019-05-27T19:39:12","guid":{"rendered":"https:\/\/diarioregionaldigital.com.br\/?p=140923"},"modified":"2019-05-27T18:43:17","modified_gmt":"2019-05-27T21:43:17","slug":"inscricoes-para-o-encceja-terminam-nesta-sexta-feira","status":"publish","type":"post","link":"https:\/\/diarioregionaldigital.com.br\/?p=140923","title":{"rendered":"Inscri\u00e7\u00f5es para o Encceja terminam nesta sexta-feira"},"content":{"rendered":"<p>Na pr\u00f3xima sexta-feira, 31, terminam as inscri\u00e7\u00f5es para o Exame Nacional para Certifica\u00e7\u00e3o de Compet\u00eancias de Jovens e Adultos (Encceja) 2019. A prova \u00e9 aplicada pelo Minist\u00e9rio da Educa\u00e7\u00e3o (MEC) e a inscri\u00e7\u00e3o \u00e9 gratuita e deve ser feita pela internet, atrav\u00e9s do <a href=\"http:\/\/enccejanacional.inep.gov.br\/encceja\/#!\/inicial\">Sistema Encceja<\/a>. Os jovens e adultos que n\u00e3o terminaram os estudos na idade adequada podem fazer o exame para obter a certifica\u00e7\u00e3o de conclus\u00e3o do ensino fundamental ou m\u00e9dio.<\/p>\n<p>As provas v\u00e3o ser aplicadas no dia\u00a025 de agosto\u00a0em 611 munic\u00edpios. Os interessados no certificado do ensino fundamental precisam\u00a0ter, pelo menos, 15 anos completos na data da prova. Para o certificado do ensino m\u00e9dio, a idade m\u00ednima exigida \u00e9 18 anos.<\/p>\n<p>O exame funciona da seguinte forma: ser\u00e3o quatro provas objetivas, cada uma com 30 quest\u00f5es de m\u00faltipla escolha, e uma reda\u00e7\u00e3o. A nota m\u00ednima exigida para obten\u00e7\u00e3o da profici\u00eancia \u00e9 de 100 pontos nas provas objetivas e de cinco pontos na reda\u00e7\u00e3o.<\/p>\n<p>De acordo com o Instituto Nacional de Estudos e Pesquisas Educacionais An\u00edsio Teixeira (Inep), Encceja tem como principal objetivo construir uma refer\u00eancia nacional de educa\u00e7\u00e3o para jovens e adultos por meio da avalia\u00e7\u00e3o de compet\u00eancias, habilidades e saberes adquiridos no processo escolar ou nos processos formativos que se desenvolvem na vida familiar, na conviv\u00eancia humana, no trabalho, nos movimentos sociais e organiza\u00e7\u00f5es da sociedade civil e nas manifesta\u00e7\u00f5es culturais, entre outros.<\/p>\n<p>O Inep disponibiliza na p\u00e1gina do Sistema Encceja apostilas com\u00a0<a href=\"http:\/\/portal.inep.gov.br\/web\/guest\/educacao-basica\/encceja\/materiais-para-estudo\">material de estudo<\/a>\u00a0para os participantes de n\u00edvel fundamental e m\u00e9dio.<\/p>\n<p>&nbsp;<\/p>\n<p><strong>NOVIDADE<\/strong><\/p>\n<p>Pela primeira vez, o exame ter\u00e1 uma vers\u00e3o em L\u00edngua Brasileira de Sinais (Libras). Aqueles que j\u00e1 tiveram o laudo m\u00e9dico aprovado em outras edi\u00e7\u00f5es n\u00e3o precisam apresent\u00e1-lo durante a inscri\u00e7\u00e3o. Participantes surdos, deficientes auditivos e surdocegos devem indicar, durante a inscri\u00e7\u00e3o, se usam aparelho auditivo ou implante coclear.<\/p>\n<p>Al\u00e9m disso, caso o interessado tenha feito a inscri\u00e7\u00e3o para a edi\u00e7\u00e3o anterior e tenha faltado, ser\u00e1 preciso justificar o motivo da aus\u00eancia em 2018.<\/p>\n","protected":false},"excerpt":{"rendered":"<p>Na pr\u00f3xima sexta-feira, 31, terminam as inscri\u00e7\u00f5es para o Exame Nacional para Certifica\u00e7\u00e3o de Compet\u00eancias de Jovens e Adultos (Encceja) 2019. A prova \u00e9 aplicada pelo Minist\u00e9rio da Educa\u00e7\u00e3o (MEC) e a inscri\u00e7\u00e3o \u00e9 gratuita e deve ser feita pela internet, atrav\u00e9s do Sistema Encceja. Os jovens e adultos que n\u00e3o terminaram os estudos na [&hellip;]<\/p>\n","protected":false},"author":96,"featured_media":140924,"comment_status":"closed","ping_status":"closed","sticky":false,"template":"","format":"standard","meta":{"footnotes":""},"categories":[253,436,440,439],"tags":[],"class_list":["post-140923","post","type-post","status-publish","format-standard","has-post-thumbnail","hentry","category-cidade","category-destaque-da-semana","category-destaques-do-dia","category-ultima-hora"],"_links":{"self":[{"href":"https:\/\/diarioregionaldigital.com.br\/index.php?rest_route=\/wp\/v2\/posts\/140923","targetHints":{"allow":["GET"]}}],"collection":[{"href":"https:\/\/diarioregionaldigital.com.br\/index.php?rest_route=\/wp\/v2\/posts"}],"about":[{"href":"https:\/\/diarioregionaldigital.com.br\/index.php?rest_route=\/wp\/v2\/types\/post"}],"author":[{"embeddable":true,"href":"https:\/\/diarioregionaldigital.com.br\/index.php?rest_route=\/wp\/v2\/users\/96"}],"replies":[{"embeddable":true,"href":"https:\/\/diarioregionaldigital.com.br\/index.php?rest_route=%2Fwp%2Fv2%2Fcomments&post=140923"}],"version-history":[{"count":0,"href":"https:\/\/diarioregionaldigital.com.br\/index.php?rest_route=\/wp\/v2\/posts\/140923\/revisions"}],"wp:featuredmedia":[{"embeddable":true,"href":"https:\/\/diarioregionaldigital.com.br\/index.php?rest_route=\/wp\/v2\/media\/140924"}],"wp:attachment":[{"href":"https:\/\/diarioregionaldigital.com.br\/index.php?rest_route=%2Fwp%2Fv2%2Fmedia&parent=140923"}],"wp:term":[{"taxonomy":"category","embeddable":true,"href":"https:\/\/diarioregionaldigital.com.br\/index.php?rest_route=%2Fwp%2Fv2%2Fcategories&post=140923"},{"taxonomy":"post_tag","embeddable":true,"href":"https:\/\/diarioregionaldigital.com.br\/index.php?rest_route=%2Fwp%2Fv2%2Ftags&post=140923"}],"curies":[{"name":"wp","href":"https:\/\/api.w.org\/{rel}","templated":true}]}}