{"id":140922,"date":"2019-05-27T18:47:36","date_gmt":"2019-05-27T21:47:36","guid":{"rendered":"https:\/\/diarioregionaldigital.com.br\/?p=140922"},"modified":"2019-05-27T18:47:36","modified_gmt":"2019-05-27T21:47:36","slug":"empav-asfalta-rua-no-bairro-cidade-do-sol","status":"publish","type":"post","link":"https:\/\/diarioregionaldigital.com.br\/?p=140922","title":{"rendered":"Empav asfalta rua no bairro Cidade do Sol"},"content":{"rendered":"<p>A Empresa Municipal de Pavimenta\u00e7\u00e3o e Urbaniza\u00e7\u00e3o (Empav) est\u00e1 trabalhando no asfaltamento da Rua Jos\u00e9 Teixeira da Silva, no Bairro Cidade do Sol, regi\u00e3o norte da cidade. A obra tem investimento de R$ 249.937,98, oriundo de emenda parlamentar, com contrapartida da Prefeitura de Juiz de Fora (PJF). \u201cA prioridade tem sido as vias principais, ou seja, corredores de tr\u00e1fego com grande movimento, como esta rua, que \u00e9 a principal entrada do bairro. Essa era antiga reivindica\u00e7\u00e3o da popula\u00e7\u00e3o, que estamos conseguindo atender. Al\u00e9m disso, fizemos tapa-buracos em outras ruas do bairro, para melhorar a trafegabilidade na regi\u00e3o&#8221;, explicou o diretor t\u00e9cnico da Empav, Ren\u00ea Vieira.<\/p>\n<p>Nos \u00faltimos meses, a Prefeitura investiu quase R$ 1,2 milh\u00e3o em obras de asfaltamento em quatro pontos da cidade, incluindo o Cidade do Sol. O servi\u00e7o foi executado, tamb\u00e9m, nas ruas Os\u00f3rio de Almeida, no Bairro Po\u00e7o Rico, importante via de acesso para a regi\u00e3o sudeste; Martins Barbosa, em Benfica; e Concetta Zito Baldi, no Linhares.<\/p>\n<p>Fonte: PJF<\/p>\n","protected":false},"excerpt":{"rendered":"<p>A Empresa Municipal de Pavimenta\u00e7\u00e3o e Urbaniza\u00e7\u00e3o (Empav) est\u00e1 trabalhando no asfaltamento da Rua Jos\u00e9 Teixeira da Silva, no Bairro Cidade do Sol, regi\u00e3o norte da cidade. A obra tem investimento de R$ 249.937,98, oriundo de emenda parlamentar, com contrapartida da Prefeitura de Juiz de Fora (PJF). \u201cA prioridade tem sido as vias principais, ou [&hellip;]<\/p>\n","protected":false},"author":96,"featured_media":140927,"comment_status":"closed","ping_status":"closed","sticky":false,"template":"","format":"standard","meta":{"footnotes":""},"categories":[253,436,439],"tags":[],"class_list":["post-140922","post","type-post","status-publish","format-standard","has-post-thumbnail","hentry","category-cidade","category-destaque-da-semana","category-ultima-hora"],"_links":{"self":[{"href":"https:\/\/diarioregionaldigital.com.br\/index.php?rest_route=\/wp\/v2\/posts\/140922","targetHints":{"allow":["GET"]}}],"collection":[{"href":"https:\/\/diarioregionaldigital.com.br\/index.php?rest_route=\/wp\/v2\/posts"}],"about":[{"href":"https:\/\/diarioregionaldigital.com.br\/index.php?rest_route=\/wp\/v2\/types\/post"}],"author":[{"embeddable":true,"href":"https:\/\/diarioregionaldigital.com.br\/index.php?rest_route=\/wp\/v2\/users\/96"}],"replies":[{"embeddable":true,"href":"https:\/\/diarioregionaldigital.com.br\/index.php?rest_route=%2Fwp%2Fv2%2Fcomments&post=140922"}],"version-history":[{"count":0,"href":"https:\/\/diarioregionaldigital.com.br\/index.php?rest_route=\/wp\/v2\/posts\/140922\/revisions"}],"wp:featuredmedia":[{"embeddable":true,"href":"https:\/\/diarioregionaldigital.com.br\/index.php?rest_route=\/wp\/v2\/media\/140927"}],"wp:attachment":[{"href":"https:\/\/diarioregionaldigital.com.br\/index.php?rest_route=%2Fwp%2Fv2%2Fmedia&parent=140922"}],"wp:term":[{"taxonomy":"category","embeddable":true,"href":"https:\/\/diarioregionaldigital.com.br\/index.php?rest_route=%2Fwp%2Fv2%2Fcategories&post=140922"},{"taxonomy":"post_tag","embeddable":true,"href":"https:\/\/diarioregionaldigital.com.br\/index.php?rest_route=%2Fwp%2Fv2%2Ftags&post=140922"}],"curies":[{"name":"wp","href":"https:\/\/api.w.org\/{rel}","templated":true}]}}