{"id":140919,"date":"2019-05-28T06:00:05","date_gmt":"2019-05-28T09:00:05","guid":{"rendered":"https:\/\/diarioregionaldigital.com.br\/?p=140919"},"modified":"2019-05-27T18:37:29","modified_gmt":"2019-05-27T21:37:29","slug":"nova-etapa","status":"publish","type":"post","link":"https:\/\/diarioregionaldigital.com.br\/?p=140919","title":{"rendered":"Nova Etapa"},"content":{"rendered":"<p style=\"text-align: center;\"><strong>Sucesso<\/strong><\/p>\n<p style=\"text-align: center;\">Foi coroado de gl\u00f3ria o I Semin\u00e1rio de Marketing da Est\u00e1cio Juiz de Fora. O Audit\u00f3rio Guimar\u00e3es Rosa recebeu Karoline Castro (Chico Rei), a digital influencer Tatah F\u00e1vero e Emmanoela Mesquita. Organizado pelo curso de Administra\u00e7\u00e3o, ocorreu sob a coordena\u00e7\u00e3o da disciplina Gest\u00e3o Estrat\u00e9gica de Marketing.<\/p>\n<p style=\"text-align: center;\"><strong>Open House<\/strong><\/p>\n<p style=\"text-align: center;\">Se voc\u00ea gosta de receber em casa para drinques almo\u00e7o ou jantar, \u00e9 melhor pensar em botar a cozinha perto da mesa de jantar ou instalar um balc\u00e3o com bancos. Dessa forma, a pessoa que est\u00e1 servindo n\u00e3o ficar\u00e1 exclu\u00edda da socializa\u00e7\u00e3o. Assim, as pessoas se reunir\u00e3o naturalmente para conversar, com conforto garantido. Dica do arquiteto Alex Martins.<\/p>\n<p style=\"text-align: center;\"><strong>Na Telinha<\/strong><\/p>\n<p style=\"text-align: center;\">Garantindo Ibope, o produtor de s\u00e9rie latino-americana como \u2018Magn\u00edfica 70\u2019 e a mexicana \u2018Sr. \u00c1vila\u2019, Roberto Rios, grande executivo da HBO, garante vida ap\u00f3s \u2018Got\u2019. Ele sabe lidar com fracassos e brilha na era do Streaming, usando estrat\u00e9gias como epis\u00f3dios semanais \u2013 em hist\u00f3rias muito espec\u00edficas. No momento, ele aposta em novidades como a brasileira \u2018Todxs\u2019 de tem\u00e1tica LGBT+.<\/p>\n<p style=\"text-align: center;\"><strong>Nova Etapa<\/strong><\/p>\n<p style=\"text-align: center;\">Em boa hora, as obras de restauro da Vila Ferreira Lage, que comp\u00f5e o complexo do Museu Mariano Proc\u00f3pio, devem recome\u00e7ar esta semana com recursos de pouco mais de R$ 1 milh\u00e3o. A bel\u00edssima constru\u00e7\u00e3o do s\u00e9culo XIX est\u00e1 fechada desde 2008 para visita\u00e7\u00e3o do p\u00fablico.<\/p>\n<div id=\"attachment_140898\" style=\"width: 690px\" class=\"wp-caption aligncenter\"><img loading=\"lazy\" decoding=\"async\" aria-describedby=\"caption-attachment-140898\" class=\"wp-image-140898\" src=\"https:\/\/diarioregionaldigital.com.br\/wp-content\/uploads\/2019\/05\/fotoa-16-e1558990218699.jpg\" alt=\"\" width=\"680\" height=\"496\" srcset=\"https:\/\/diarioregionaldigital.com.br\/wp-content\/uploads\/2019\/05\/fotoa-16-e1558990218699.jpg 1167w, https:\/\/diarioregionaldigital.com.br\/wp-content\/uploads\/2019\/05\/fotoa-16-e1558990218699-300x219.jpg 300w, https:\/\/diarioregionaldigital.com.br\/wp-content\/uploads\/2019\/05\/fotoa-16-e1558990218699-768x560.jpg 768w, https:\/\/diarioregionaldigital.com.br\/wp-content\/uploads\/2019\/05\/fotoa-16-e1558990218699-1024x747.jpg 1024w, https:\/\/diarioregionaldigital.com.br\/wp-content\/uploads\/2019\/05\/fotoa-16-e1558990218699-360x263.jpg 360w\" sizes=\"auto, (max-width: 680px) 100vw, 680px\" \/><p id=\"caption-attachment-140898\" class=\"wp-caption-text\">O estudante de psicologia, Renato Giacomini em momento coroa\u00e7\u00e3o de rei de quase tudo<\/p><\/div>\n<p>&nbsp;<\/p>\n<div id=\"attachment_140899\" style=\"width: 690px\" class=\"wp-caption aligncenter\"><img loading=\"lazy\" decoding=\"async\" aria-describedby=\"caption-attachment-140899\" class=\"wp-image-140899\" src=\"https:\/\/diarioregionaldigital.com.br\/wp-content\/uploads\/2019\/05\/fotoaa-6-e1558990258372.jpg\" alt=\"\" width=\"680\" height=\"454\" srcset=\"https:\/\/diarioregionaldigital.com.br\/wp-content\/uploads\/2019\/05\/fotoaa-6-e1558990258372.jpg 604w, https:\/\/diarioregionaldigital.com.br\/wp-content\/uploads\/2019\/05\/fotoaa-6-e1558990258372-300x200.jpg 300w, https:\/\/diarioregionaldigital.com.br\/wp-content\/uploads\/2019\/05\/fotoaa-6-e1558990258372-360x240.jpg 360w\" sizes=\"auto, (max-width: 680px) 100vw, 680px\" \/><p id=\"caption-attachment-140899\" class=\"wp-caption-text\">Beto Souza festejou n\u00edver com churrasco no Santa Rita, ladeado de Tatiana Falc\u00e3o, Ermelinda Souza, Ana Maria Moraes Lima e Bruno K-Suco<\/p><\/div>\n<div id=\"attachment_140900\" style=\"width: 690px\" class=\"wp-caption aligncenter\"><img loading=\"lazy\" decoding=\"async\" aria-describedby=\"caption-attachment-140900\" class=\"wp-image-140900\" src=\"https:\/\/diarioregionaldigital.com.br\/wp-content\/uploads\/2019\/05\/fotob-15-e1558990304838.jpg\" alt=\"\" width=\"680\" height=\"477\" srcset=\"https:\/\/diarioregionaldigital.com.br\/wp-content\/uploads\/2019\/05\/fotob-15-e1558990304838.jpg 1212w, https:\/\/diarioregionaldigital.com.br\/wp-content\/uploads\/2019\/05\/fotob-15-e1558990304838-300x210.jpg 300w, https:\/\/diarioregionaldigital.com.br\/wp-content\/uploads\/2019\/05\/fotob-15-e1558990304838-768x539.jpg 768w, https:\/\/diarioregionaldigital.com.br\/wp-content\/uploads\/2019\/05\/fotob-15-e1558990304838-1024x719.jpg 1024w, https:\/\/diarioregionaldigital.com.br\/wp-content\/uploads\/2019\/05\/fotob-15-e1558990304838-360x253.jpg 360w, https:\/\/diarioregionaldigital.com.br\/wp-content\/uploads\/2019\/05\/fotob-15-e1558990304838-100x70.jpg 100w\" sizes=\"auto, (max-width: 680px) 100vw, 680px\" \/><p id=\"caption-attachment-140900\" class=\"wp-caption-text\">No Consulado Italiano, Gabriel Menegueli e Beth Menegheli<\/p><\/div>\n<p>&nbsp;<\/p>\n<div id=\"attachment_140901\" style=\"width: 690px\" class=\"wp-caption aligncenter\"><img loading=\"lazy\" decoding=\"async\" aria-describedby=\"caption-attachment-140901\" class=\"wp-image-140901\" src=\"https:\/\/diarioregionaldigital.com.br\/wp-content\/uploads\/2019\/05\/fotoc-16-e1558990335931.jpg\" alt=\"\" width=\"680\" height=\"483\" srcset=\"https:\/\/diarioregionaldigital.com.br\/wp-content\/uploads\/2019\/05\/fotoc-16-e1558990335931.jpg 1587w, https:\/\/diarioregionaldigital.com.br\/wp-content\/uploads\/2019\/05\/fotoc-16-e1558990335931-300x213.jpg 300w, https:\/\/diarioregionaldigital.com.br\/wp-content\/uploads\/2019\/05\/fotoc-16-e1558990335931-768x546.jpg 768w, https:\/\/diarioregionaldigital.com.br\/wp-content\/uploads\/2019\/05\/fotoc-16-e1558990335931-1024x728.jpg 1024w, https:\/\/diarioregionaldigital.com.br\/wp-content\/uploads\/2019\/05\/fotoc-16-e1558990335931-360x256.jpg 360w, https:\/\/diarioregionaldigital.com.br\/wp-content\/uploads\/2019\/05\/fotoc-16-e1558990335931-100x70.jpg 100w\" sizes=\"auto, (max-width: 680px) 100vw, 680px\" \/><p id=\"caption-attachment-140901\" class=\"wp-caption-text\">Na movimentada Vag\u00e3o de Pizza, Ros\u00e2ngela Manh\u00e3es e Cl\u00e1udia Matos<\/p><\/div>\n<div id=\"attachment_140902\" style=\"width: 690px\" class=\"wp-caption aligncenter\"><img loading=\"lazy\" decoding=\"async\" aria-describedby=\"caption-attachment-140902\" class=\"wp-image-140902\" src=\"https:\/\/diarioregionaldigital.com.br\/wp-content\/uploads\/2019\/05\/fotod-13-e1558990379225.jpg\" alt=\"\" width=\"680\" height=\"479\" srcset=\"https:\/\/diarioregionaldigital.com.br\/wp-content\/uploads\/2019\/05\/fotod-13-e1558990379225.jpg 1590w, https:\/\/diarioregionaldigital.com.br\/wp-content\/uploads\/2019\/05\/fotod-13-e1558990379225-300x210.jpg 300w, https:\/\/diarioregionaldigital.com.br\/wp-content\/uploads\/2019\/05\/fotod-13-e1558990379225-768x541.jpg 768w, https:\/\/diarioregionaldigital.com.br\/wp-content\/uploads\/2019\/05\/fotod-13-e1558990379225-1024x721.jpg 1024w, https:\/\/diarioregionaldigital.com.br\/wp-content\/uploads\/2019\/05\/fotod-13-e1558990379225-360x254.jpg 360w, https:\/\/diarioregionaldigital.com.br\/wp-content\/uploads\/2019\/05\/fotod-13-e1558990379225-100x70.jpg 100w\" sizes=\"auto, (max-width: 680px) 100vw, 680px\" \/><p id=\"caption-attachment-140902\" class=\"wp-caption-text\">Soltando a voz no Candeia Blues Bar, Rick Guilhem &amp; Uiara Leigo<\/p><\/div>\n<div id=\"attachment_140903\" style=\"width: 690px\" class=\"wp-caption aligncenter\"><img loading=\"lazy\" decoding=\"async\" aria-describedby=\"caption-attachment-140903\" class=\"wp-image-140903\" src=\"https:\/\/diarioregionaldigital.com.br\/wp-content\/uploads\/2019\/05\/fotoe-16-e1558990408929.jpg\" alt=\"\" width=\"680\" height=\"486\" srcset=\"https:\/\/diarioregionaldigital.com.br\/wp-content\/uploads\/2019\/05\/fotoe-16-e1558990408929.jpg 1572w, https:\/\/diarioregionaldigital.com.br\/wp-content\/uploads\/2019\/05\/fotoe-16-e1558990408929-300x215.jpg 300w, https:\/\/diarioregionaldigital.com.br\/wp-content\/uploads\/2019\/05\/fotoe-16-e1558990408929-768x549.jpg 768w, https:\/\/diarioregionaldigital.com.br\/wp-content\/uploads\/2019\/05\/fotoe-16-e1558990408929-1024x732.jpg 1024w, https:\/\/diarioregionaldigital.com.br\/wp-content\/uploads\/2019\/05\/fotoe-16-e1558990408929-360x257.jpg 360w, https:\/\/diarioregionaldigital.com.br\/wp-content\/uploads\/2019\/05\/fotoe-16-e1558990408929-100x70.jpg 100w\" sizes=\"auto, (max-width: 680px) 100vw, 680px\" \/><p id=\"caption-attachment-140903\" class=\"wp-caption-text\">Momento ternura com Silvia Katy e Lilian Macedo Gomes, no Rio<\/p><\/div>\n<div id=\"attachment_140905\" style=\"width: 690px\" class=\"wp-caption aligncenter\"><img loading=\"lazy\" decoding=\"async\" aria-describedby=\"caption-attachment-140905\" class=\"wp-image-140905\" src=\"https:\/\/diarioregionaldigital.com.br\/wp-content\/uploads\/2019\/05\/fotog-14-e1558990483544.jpg\" alt=\"\" width=\"680\" height=\"693\" srcset=\"https:\/\/diarioregionaldigital.com.br\/wp-content\/uploads\/2019\/05\/fotog-14-e1558990483544.jpg 1177w, https:\/\/diarioregionaldigital.com.br\/wp-content\/uploads\/2019\/05\/fotog-14-e1558990483544-294x300.jpg 294w, https:\/\/diarioregionaldigital.com.br\/wp-content\/uploads\/2019\/05\/fotog-14-e1558990483544-768x782.jpg 768w, https:\/\/diarioregionaldigital.com.br\/wp-content\/uploads\/2019\/05\/fotog-14-e1558990483544-1005x1024.jpg 1005w, https:\/\/diarioregionaldigital.com.br\/wp-content\/uploads\/2019\/05\/fotog-14-e1558990483544-360x367.jpg 360w\" sizes=\"auto, (max-width: 680px) 100vw, 680px\" \/><p id=\"caption-attachment-140905\" class=\"wp-caption-text\">A linda princesa, D\u00e9bora Gonzalez<\/p><\/div>\n<div id=\"attachment_140906\" style=\"width: 690px\" class=\"wp-caption aligncenter\"><img loading=\"lazy\" decoding=\"async\" aria-describedby=\"caption-attachment-140906\" class=\"wp-image-140906\" src=\"https:\/\/diarioregionaldigital.com.br\/wp-content\/uploads\/2019\/05\/fotoh-17-e1558990526257.jpg\" alt=\"\" width=\"680\" height=\"722\" srcset=\"https:\/\/diarioregionaldigital.com.br\/wp-content\/uploads\/2019\/05\/fotoh-17-e1558990526257.jpg 1176w, https:\/\/diarioregionaldigital.com.br\/wp-content\/uploads\/2019\/05\/fotoh-17-e1558990526257-283x300.jpg 283w, https:\/\/diarioregionaldigital.com.br\/wp-content\/uploads\/2019\/05\/fotoh-17-e1558990526257-768x815.jpg 768w, https:\/\/diarioregionaldigital.com.br\/wp-content\/uploads\/2019\/05\/fotoh-17-e1558990526257-965x1024.jpg 965w, https:\/\/diarioregionaldigital.com.br\/wp-content\/uploads\/2019\/05\/fotoh-17-e1558990526257-360x382.jpg 360w\" sizes=\"auto, (max-width: 680px) 100vw, 680px\" \/><p id=\"caption-attachment-140906\" class=\"wp-caption-text\">Um close no bonito, Clinton Boscato<\/p><\/div>\n<div id=\"attachment_140907\" style=\"width: 690px\" class=\"wp-caption aligncenter\"><img loading=\"lazy\" decoding=\"async\" aria-describedby=\"caption-attachment-140907\" class=\"wp-image-140907\" src=\"https:\/\/diarioregionaldigital.com.br\/wp-content\/uploads\/2019\/05\/fotoi-13-e1558989613566.jpg\" alt=\"\" width=\"680\" height=\"540\" srcset=\"https:\/\/diarioregionaldigital.com.br\/wp-content\/uploads\/2019\/05\/fotoi-13-e1558989613566.jpg 1176w, https:\/\/diarioregionaldigital.com.br\/wp-content\/uploads\/2019\/05\/fotoi-13-e1558989613566-300x238.jpg 300w, https:\/\/diarioregionaldigital.com.br\/wp-content\/uploads\/2019\/05\/fotoi-13-e1558989613566-768x610.jpg 768w, https:\/\/diarioregionaldigital.com.br\/wp-content\/uploads\/2019\/05\/fotoi-13-e1558989613566-1024x813.jpg 1024w, https:\/\/diarioregionaldigital.com.br\/wp-content\/uploads\/2019\/05\/fotoi-13-e1558989613566-360x286.jpg 360w\" sizes=\"auto, (max-width: 680px) 100vw, 680px\" \/><p id=\"caption-attachment-140907\" class=\"wp-caption-text\">A jornalista nota 10, Talita Magnolo<\/p><\/div>\n<div id=\"attachment_140909\" style=\"width: 690px\" class=\"wp-caption aligncenter\"><img loading=\"lazy\" decoding=\"async\" aria-describedby=\"caption-attachment-140909\" class=\"wp-image-140909\" src=\"https:\/\/diarioregionaldigital.com.br\/wp-content\/uploads\/2019\/05\/fotoj-13-e1558990572947.jpg\" alt=\"\" width=\"680\" height=\"585\" srcset=\"https:\/\/diarioregionaldigital.com.br\/wp-content\/uploads\/2019\/05\/fotoj-13-e1558990572947.jpg 1164w, https:\/\/diarioregionaldigital.com.br\/wp-content\/uploads\/2019\/05\/fotoj-13-e1558990572947-300x258.jpg 300w, https:\/\/diarioregionaldigital.com.br\/wp-content\/uploads\/2019\/05\/fotoj-13-e1558990572947-768x661.jpg 768w, https:\/\/diarioregionaldigital.com.br\/wp-content\/uploads\/2019\/05\/fotoj-13-e1558990572947-1024x881.jpg 1024w, https:\/\/diarioregionaldigital.com.br\/wp-content\/uploads\/2019\/05\/fotoj-13-e1558990572947-360x310.jpg 360w\" sizes=\"auto, (max-width: 680px) 100vw, 680px\" \/><p id=\"caption-attachment-140909\" class=\"wp-caption-text\">Um foco de luz em Renan Teixeira<\/p><\/div>\n<div id=\"attachment_140910\" style=\"width: 690px\" class=\"wp-caption aligncenter\"><img loading=\"lazy\" decoding=\"async\" aria-describedby=\"caption-attachment-140910\" class=\"wp-image-140910\" src=\"https:\/\/diarioregionaldigital.com.br\/wp-content\/uploads\/2019\/05\/fotol-7-e1558990599221.jpg\" alt=\"\" width=\"680\" height=\"535\" srcset=\"https:\/\/diarioregionaldigital.com.br\/wp-content\/uploads\/2019\/05\/fotol-7-e1558990599221.jpg 1177w, https:\/\/diarioregionaldigital.com.br\/wp-content\/uploads\/2019\/05\/fotol-7-e1558990599221-300x236.jpg 300w, https:\/\/diarioregionaldigital.com.br\/wp-content\/uploads\/2019\/05\/fotol-7-e1558990599221-768x604.jpg 768w, https:\/\/diarioregionaldigital.com.br\/wp-content\/uploads\/2019\/05\/fotol-7-e1558990599221-1024x806.jpg 1024w, https:\/\/diarioregionaldigital.com.br\/wp-content\/uploads\/2019\/05\/fotol-7-e1558990599221-360x283.jpg 360w\" sizes=\"auto, (max-width: 680px) 100vw, 680px\" \/><p id=\"caption-attachment-140910\" class=\"wp-caption-text\">Momento sensual de Amanda Bonfim<\/p><\/div>\n<div id=\"attachment_140911\" style=\"width: 690px\" class=\"wp-caption aligncenter\"><img loading=\"lazy\" decoding=\"async\" aria-describedby=\"caption-attachment-140911\" class=\"wp-image-140911\" src=\"https:\/\/diarioregionaldigital.com.br\/wp-content\/uploads\/2019\/05\/fotom-4-e1558990626133.jpg\" alt=\"\" width=\"680\" height=\"912\" srcset=\"https:\/\/diarioregionaldigital.com.br\/wp-content\/uploads\/2019\/05\/fotom-4-e1558990626133.jpg 1164w, https:\/\/diarioregionaldigital.com.br\/wp-content\/uploads\/2019\/05\/fotom-4-e1558990626133-224x300.jpg 224w, https:\/\/diarioregionaldigital.com.br\/wp-content\/uploads\/2019\/05\/fotom-4-e1558990626133-768x1030.jpg 768w, https:\/\/diarioregionaldigital.com.br\/wp-content\/uploads\/2019\/05\/fotom-4-e1558990626133-764x1024.jpg 764w, https:\/\/diarioregionaldigital.com.br\/wp-content\/uploads\/2019\/05\/fotom-4-e1558990626133-360x483.jpg 360w\" sizes=\"auto, (max-width: 680px) 100vw, 680px\" \/><p id=\"caption-attachment-140911\" class=\"wp-caption-text\">Momento descontra\u00eddo em rolezinho com Diogo Garcia, o c\u00e3o<\/p><\/div>\n<p style=\"text-align: center;\"><strong>FOTOSS\u00cdNTESE<\/strong><\/p>\n<p>Digno de todos os elogios, a bonita advogada Marcella Mascarenhas Nardelli est\u00e1 lan\u00e7ando o livro \u201cA prova no Tribunal do J\u00fari\u201d. Aplausos.<\/p>\n<p>Dona cegonha aprontou de novo. Colocou na chamin\u00e9 de Gabriela Fernandes e Get\u00falio Sartori Campos (leia-se Amor Expresso) a linda estrelinha Fernanda Fernandes Sartori Campos.<br \/>\nEm boa hora, a Settra realizou uma a\u00e7\u00e3o de conscientiza\u00e7\u00e3o no Centro, chamando a aten\u00e7\u00e3o para a import\u00e2ncia de respeitar as vagas de estacionamento exclusivas para idosos e pessoas com defici\u00eancia. Ponto para a educa\u00e7\u00e3o no tr\u00e2nsito.<\/p>\n<p>Para reintegra\u00e7\u00e3o social a Casa de Semiliberdade est\u00e1 promovendo oficinas de bordado computadorizado. Na pauta, a aquisi\u00e7\u00e3o de m\u00e1quinas de bordar e computador adquiridos com verbas pecuni\u00e1rias. Na parceria com o Minist\u00e9rio do Trabalho e Emprego (MTE) e a Secretaria de Estado de Seguran\u00e7a P\u00fablica, tr\u00eas jovens acautelados j\u00e1 participaram do projeto.<\/p>\n<p>Aten\u00e7\u00e3o: maltratar funcion\u00e1rio e com atitudes na frete de todos, segundo a Justi\u00e7a do Trabalho de Minas Gerais gera condena\u00e7\u00e3o e indeniza\u00e7\u00e3o para o trabalhador.<\/p>\n<p>Dedicado e disciplinado, o juiz-forano Hugo Amaral (VidAtiva) ganhou, em Copacabana (RJ), o cobi\u00e7ado t\u00edtulo de Rei do Mar.<\/p>\n<p>Na segunda edi\u00e7\u00e3o do Trof\u00e9u Mario Caruso de Ciclismo teve como vencedor o veloz Euler Magno.<\/p>\n<p>Para os dias 19, 20, 21, 22 e 23 de junho, o Terrazzo Juiz de Fora recebe o evento # Seu Mercado Gastron\u00f4mico, com apoio do emp\u00f3rio Bahamas. Em cena cultural, gastronomia, arte e moda.<\/p>\n<p>Para ficar sabendo: Sua alma \u00e9 integrada ao Universo. Bom dia.<\/p>\n<p><img loading=\"lazy\" decoding=\"async\" class=\"aligncenter size-full wp-image-140586\" src=\"https:\/\/diarioregionaldigital.com.br\/wp-content\/uploads\/2019\/05\/arte-coluna-social.png\" alt=\"\" width=\"3508\" height=\"709\" srcset=\"https:\/\/diarioregionaldigital.com.br\/wp-content\/uploads\/2019\/05\/arte-coluna-social.png 3508w, https:\/\/diarioregionaldigital.com.br\/wp-content\/uploads\/2019\/05\/arte-coluna-social-300x61.png 300w, https:\/\/diarioregionaldigital.com.br\/wp-content\/uploads\/2019\/05\/arte-coluna-social-768x155.png 768w, https:\/\/diarioregionaldigital.com.br\/wp-content\/uploads\/2019\/05\/arte-coluna-social-1024x207.png 1024w, https:\/\/diarioregionaldigital.com.br\/wp-content\/uploads\/2019\/05\/arte-coluna-social-360x73.png 360w\" sizes=\"auto, (max-width: 3508px) 100vw, 3508px\" \/><\/p>\n","protected":false},"excerpt":{"rendered":"<p>Sucesso Foi coroado de gl\u00f3ria o I Semin\u00e1rio de Marketing da Est\u00e1cio Juiz de Fora. O Audit\u00f3rio Guimar\u00e3es Rosa recebeu Karoline Castro (Chico Rei), a digital influencer Tatah F\u00e1vero e Emmanoela Mesquita. Organizado pelo curso de Administra\u00e7\u00e3o, ocorreu sob a coordena\u00e7\u00e3o da disciplina Gest\u00e3o Estrat\u00e9gica de Marketing. Open House Se voc\u00ea gosta de receber em [&hellip;]<\/p>\n","protected":false},"author":96,"featured_media":0,"comment_status":"closed","ping_status":"closed","sticky":false,"template":"","format":"standard","meta":{"footnotes":""},"categories":[264],"tags":[],"class_list":["post-140919","post","type-post","status-publish","format-standard","hentry","category-eduardo-gomes"],"_links":{"self":[{"href":"https:\/\/diarioregionaldigital.com.br\/index.php?rest_route=\/wp\/v2\/posts\/140919","targetHints":{"allow":["GET"]}}],"collection":[{"href":"https:\/\/diarioregionaldigital.com.br\/index.php?rest_route=\/wp\/v2\/posts"}],"about":[{"href":"https:\/\/diarioregionaldigital.com.br\/index.php?rest_route=\/wp\/v2\/types\/post"}],"author":[{"embeddable":true,"href":"https:\/\/diarioregionaldigital.com.br\/index.php?rest_route=\/wp\/v2\/users\/96"}],"replies":[{"embeddable":true,"href":"https:\/\/diarioregionaldigital.com.br\/index.php?rest_route=%2Fwp%2Fv2%2Fcomments&post=140919"}],"version-history":[{"count":0,"href":"https:\/\/diarioregionaldigital.com.br\/index.php?rest_route=\/wp\/v2\/posts\/140919\/revisions"}],"wp:attachment":[{"href":"https:\/\/diarioregionaldigital.com.br\/index.php?rest_route=%2Fwp%2Fv2%2Fmedia&parent=140919"}],"wp:term":[{"taxonomy":"category","embeddable":true,"href":"https:\/\/diarioregionaldigital.com.br\/index.php?rest_route=%2Fwp%2Fv2%2Fcategories&post=140919"},{"taxonomy":"post_tag","embeddable":true,"href":"https:\/\/diarioregionaldigital.com.br\/index.php?rest_route=%2Fwp%2Fv2%2Ftags&post=140919"}],"curies":[{"name":"wp","href":"https:\/\/api.w.org\/{rel}","templated":true}]}}