{"id":140888,"date":"2019-05-27T16:10:08","date_gmt":"2019-05-27T19:10:08","guid":{"rendered":"https:\/\/diarioregionaldigital.com.br\/?p=140888"},"modified":"2019-05-27T16:10:08","modified_gmt":"2019-05-27T19:10:08","slug":"apos-manifestacoes-senadores-falam-em-manter-coaf-com-sergio-moro","status":"publish","type":"post","link":"https:\/\/diarioregionaldigital.com.br\/?p=140888","title":{"rendered":"Ap\u00f3s manifesta\u00e7\u00f5es, senadores falam em manter Coaf com Sergio Moro"},"content":{"rendered":"<p>Ainda \u00e9 incerto no Senado o resultado da vota\u00e7\u00e3o do projeto de lei de convers\u00e3o da MP 870, que trata da reforma administrativa do governo federal.<\/p>\n<p>O assunto, que \u00e9 a prioridade do plen\u00e1rio na sess\u00e3o deliberativa desta ter\u00e7a-feira (28), \u00e9 tamb\u00e9m alvo de disputa entre a C\u00e2mara e o Senado. O motivo tem a ver com o destino do Conselho de Controle de Atividades Financeiras &#8211; Coaf.<\/p>\n<p>Sob o argumento de fortalecer o \u00f3rg\u00e3o, o texto original da medida provis\u00f3ria (MP) proposta pelo governo transferia o Coaf do Minist\u00e9rio da Economia para a pasta da Justi\u00e7a, comandada por Sergio Moro, mas os deputados decidiram que o \u00f3rg\u00e3o deve mesmo voltar para o controle do ministro Paulo Guedes, da Economia.<\/p>\n<p>Em meio \u00e0 pol\u00eamica instalada sobre o tema, o governo teme que a MP n\u00e3o seja votada at\u00e9 3 de junho e perca a validade. Na \u00faltima quinta-feira, durante uma transmiss\u00e3o ao vivo pelo\u00a0<em>Facebook<\/em>, o presidente Jair Bolsonaro sinalizou que, para garantir a aprova\u00e7\u00e3o da reforma administrativa a tempo, abriria m\u00e3o do Coaf com Moro.<\/p>\n<p>\u201cNo meu entender, [o Senado] deve aprovar o que foi votado na C\u00e2mara, e vamos seguir em pautas mais importantes\u201d, declarou o presidente, em refer\u00eancia \u00e0 decis\u00e3o dos deputados.<\/p>\n<h2>Combate \u00e0 corrup\u00e7\u00e3o<\/h2>\n<p>Mas, no Senado, sobretudo ap\u00f3s as manifesta\u00e7\u00f5es populares de ontem (26), a avalia\u00e7\u00e3o de um grupo de senadores \u00e9 de que o Coaf, sob a responsabilidade de Moro, \u00e9 um anseio dos brasileiros.<\/p>\n<p>\u201cEu vejo como fundamental para o projeto Bolsonaro que se elegeu em cima de duas bandeiras: combate \u00e0 criminalidade e combate \u00e0 corrup\u00e7\u00e3o\u201d, disse o l\u00edder do PSL no Senado, Major Ol\u00edmpio (SP), acrescentando que desistir da medida seria um \u201ctiro no p\u00e9 do governo\u201d.<\/p>\n<p>Ol\u00edmpio ressaltou que as negocia\u00e7\u00f5es continuam at\u00e9 a hora da vota\u00e7\u00e3o. O senador acredita ainda que a perman\u00eancia do Coaf com Moro ter\u00e1 o apoio de cerca de 44 dos 81 senadores, tr\u00eas votos a mais que o m\u00ednimo necess\u00e1rio.<\/p>\n<p>Na mesma linha, o l\u00edder do PP, senador Esperidi\u00e3o Amin (SC), disse hoje (27) que Moro \u00e9 uma figura ligada diretamente ao combate \u00e0 corrup\u00e7\u00e3o sist\u00eamica no Brasil, com \u201creconhecimento mundial\u201d em fun\u00e7\u00e3o do trabalho que desempenhou na Opera\u00e7\u00e3o Lava Jato.<\/p>\n<p>\u201cTemos tempo. Se o Senado votar amanh\u00e3, a C\u00e2mara analisa na quarta. Temos tempo, a C\u00e2mara sempre manda mat\u00e9rias em cima da hora para o Senado e votamos, n\u00e3o somos carimbadores\u201d, afirmou.<\/p>\n<p>J\u00e1 a senadora Simone Tebet (MDB-MS) disse que o placar da vota\u00e7\u00e3o de amanh\u00e3 ser\u00e1 apertado e imprevis\u00edvel.\u00a0Para ela, h\u00e1 o risco de\u00a0a reforma administrativa n\u00e3o ser aprovada a tempo.<\/p>\n<p>Um dos poucos a defender o Coaf nas m\u00e3os de Paulo Guedes foi o senador Humberto Costa (PT-PE). Segundo ele, o Senado deve confirmar o texto da C\u00e2mara que, lembrou, foi o mesmo aprovado pela Comiss\u00e3o Mista da MP 870 com deputados e senadores, na primeira etapa da tramita\u00e7\u00e3o do texto.<\/p>\n<p>Costa disse ainda que, mesmo longe de Moro, o Coaf vai continuar fazendo o seu papel de investiga\u00e7\u00e3o. Para o parlamentar, as manifesta\u00e7\u00f5es n\u00e3o ter\u00e3o efeito no plen\u00e1rio do Senado.<\/p>\n<p>Fonte: Ag\u00eancia Brasil<\/p>\n","protected":false},"excerpt":{"rendered":"<p>Ainda \u00e9 incerto no Senado o resultado da vota\u00e7\u00e3o do projeto de lei de convers\u00e3o da MP 870, que trata da reforma administrativa do governo federal. O assunto, que \u00e9 a prioridade do plen\u00e1rio na sess\u00e3o deliberativa desta ter\u00e7a-feira (28), \u00e9 tamb\u00e9m alvo de disputa entre a C\u00e2mara e o Senado. O motivo tem a [&hellip;]<\/p>\n","protected":false},"author":96,"featured_media":140889,"comment_status":"closed","ping_status":"closed","sticky":false,"template":"","format":"standard","meta":{"footnotes":""},"categories":[436,254,439],"tags":[],"class_list":["post-140888","post","type-post","status-publish","format-standard","has-post-thumbnail","hentry","category-destaque-da-semana","category-politica","category-ultima-hora"],"_links":{"self":[{"href":"https:\/\/diarioregionaldigital.com.br\/index.php?rest_route=\/wp\/v2\/posts\/140888","targetHints":{"allow":["GET"]}}],"collection":[{"href":"https:\/\/diarioregionaldigital.com.br\/index.php?rest_route=\/wp\/v2\/posts"}],"about":[{"href":"https:\/\/diarioregionaldigital.com.br\/index.php?rest_route=\/wp\/v2\/types\/post"}],"author":[{"embeddable":true,"href":"https:\/\/diarioregionaldigital.com.br\/index.php?rest_route=\/wp\/v2\/users\/96"}],"replies":[{"embeddable":true,"href":"https:\/\/diarioregionaldigital.com.br\/index.php?rest_route=%2Fwp%2Fv2%2Fcomments&post=140888"}],"version-history":[{"count":0,"href":"https:\/\/diarioregionaldigital.com.br\/index.php?rest_route=\/wp\/v2\/posts\/140888\/revisions"}],"wp:featuredmedia":[{"embeddable":true,"href":"https:\/\/diarioregionaldigital.com.br\/index.php?rest_route=\/wp\/v2\/media\/140889"}],"wp:attachment":[{"href":"https:\/\/diarioregionaldigital.com.br\/index.php?rest_route=%2Fwp%2Fv2%2Fmedia&parent=140888"}],"wp:term":[{"taxonomy":"category","embeddable":true,"href":"https:\/\/diarioregionaldigital.com.br\/index.php?rest_route=%2Fwp%2Fv2%2Fcategories&post=140888"},{"taxonomy":"post_tag","embeddable":true,"href":"https:\/\/diarioregionaldigital.com.br\/index.php?rest_route=%2Fwp%2Fv2%2Ftags&post=140888"}],"curies":[{"name":"wp","href":"https:\/\/api.w.org\/{rel}","templated":true}]}}