{"id":140871,"date":"2019-05-27T13:54:06","date_gmt":"2019-05-27T16:54:06","guid":{"rendered":"https:\/\/diarioregionaldigital.com.br\/?p=140871"},"modified":"2019-05-27T13:54:06","modified_gmt":"2019-05-27T16:54:06","slug":"ministerio-da-saude-abre-inscricoes-para-o-mais-medicos","status":"publish","type":"post","link":"https:\/\/diarioregionaldigital.com.br\/?p=140871","title":{"rendered":"Minist\u00e9rio da Sa\u00fade abre inscri\u00e7\u00f5es para o Mais M\u00e9dicos"},"content":{"rendered":"<p>Uma nova rodada de inscri\u00e7\u00f5es para o Programa Mais M\u00e9dicos foi aberta hoje (27) e prossegue at\u00e9 quarta-feira (29). S\u00e3o oferecidas 2.212 vagas para o atendimento na aten\u00e7\u00e3o prim\u00e1ria \u00e0 sa\u00fade em cerca de 1.185 munic\u00edpios e 13 Distritos Sanit\u00e1rios Especiais Ind\u00edgenas (DSEIs). As inscri\u00e7\u00f5es s\u00e3o feitas exclusivamente pela internet.<\/p>\n<p>A prioridade no preenchimento das vagas ser\u00e1 para m\u00e9dicos formados e habilitados com registro em qualquer Conselho Regional de Medicina do Brasil. Os candidatos inscritos devem acessar o sistema do Mais M\u00e9dicos na internet entre os dias 6 e 7 de junho para indicar o local onde querem trabalhar dentre as vagas dispon\u00edveis.<\/p>\n<p>A expectativa do Minist\u00e9rio da Sa\u00fade \u00e9 que os m\u00e9dicos comecem atender em junho. De acordo com a pasta, essa nova etapa do programa deve refor\u00e7ar a assist\u00eancia na aten\u00e7\u00e3o prim\u00e1ria a mais de 6 milh\u00f5es de pessoas que vivem nas \u00e1reas mais vulner\u00e1veis do pa\u00eds.<\/p>\n<p>No caso de vagas remanescentes dessa 1\u00aa etapa, ser\u00e1 feito um chamamento p\u00fablico aos brasileiros formados em outros pa\u00edses e que j\u00e1 tenham habilita\u00e7\u00e3o para o exerc\u00edcio da medicina no exterior.<\/p>\n<p>O\u00a0<a href=\"http:\/\/pesquisa.in.gov.br\/imprensa\/jsp\/visualiza\/index.jsp?data=13\/05\/2019&amp;jornal=530&amp;pagina=103&amp;totalArquivos=231\" target=\"_blank\" rel=\"noopener\">edital<\/a>\u00a0do 18\u00b0 ciclo dos Mais M\u00e9dicos foi publicado no\u00a0<a href=\"http:\/\/pesquisa.in.gov.br\/imprensa\/jsp\/visualiza\/index.jsp?data=13\/05\/2019&amp;jornal=530&amp;pagina=103&amp;totalArquivos=231\" target=\"_blank\" rel=\"noopener\"><em>Di\u00e1rio Oficial da Uni\u00e3o<\/em><\/a>\u00a0do dia 13 de maio e traz detalhes sobre os documentos que devem ser apresentados pelos candidatos. Dessa vez, toda a documenta\u00e7\u00e3o dever\u00e1 ser enviada pela internet j\u00e1 no ato de inscri\u00e7\u00e3o. A mudan\u00e7a far\u00e1 com que apenas profissionais j\u00e1 habilitados participem do chamamento p\u00fablico, otimizando tempo e recurso.<\/p>\n<p>Fonte: Ag\u00eancia Brasil<\/p>\n","protected":false},"excerpt":{"rendered":"<p>Uma nova rodada de inscri\u00e7\u00f5es para o Programa Mais M\u00e9dicos foi aberta hoje (27) e prossegue at\u00e9 quarta-feira (29). S\u00e3o oferecidas 2.212 vagas para o atendimento na aten\u00e7\u00e3o prim\u00e1ria \u00e0 sa\u00fade em cerca de 1.185 munic\u00edpios e 13 Distritos Sanit\u00e1rios Especiais Ind\u00edgenas (DSEIs). As inscri\u00e7\u00f5es s\u00e3o feitas exclusivamente pela internet. A prioridade no preenchimento das [&hellip;]<\/p>\n","protected":false},"author":96,"featured_media":140878,"comment_status":"closed","ping_status":"closed","sticky":false,"template":"","format":"standard","meta":{"footnotes":""},"categories":[302,436,439],"tags":[],"class_list":["post-140871","post","type-post","status-publish","format-standard","has-post-thumbnail","hentry","category-brasil-mundo","category-destaque-da-semana","category-ultima-hora"],"_links":{"self":[{"href":"https:\/\/diarioregionaldigital.com.br\/index.php?rest_route=\/wp\/v2\/posts\/140871","targetHints":{"allow":["GET"]}}],"collection":[{"href":"https:\/\/diarioregionaldigital.com.br\/index.php?rest_route=\/wp\/v2\/posts"}],"about":[{"href":"https:\/\/diarioregionaldigital.com.br\/index.php?rest_route=\/wp\/v2\/types\/post"}],"author":[{"embeddable":true,"href":"https:\/\/diarioregionaldigital.com.br\/index.php?rest_route=\/wp\/v2\/users\/96"}],"replies":[{"embeddable":true,"href":"https:\/\/diarioregionaldigital.com.br\/index.php?rest_route=%2Fwp%2Fv2%2Fcomments&post=140871"}],"version-history":[{"count":0,"href":"https:\/\/diarioregionaldigital.com.br\/index.php?rest_route=\/wp\/v2\/posts\/140871\/revisions"}],"wp:featuredmedia":[{"embeddable":true,"href":"https:\/\/diarioregionaldigital.com.br\/index.php?rest_route=\/wp\/v2\/media\/140878"}],"wp:attachment":[{"href":"https:\/\/diarioregionaldigital.com.br\/index.php?rest_route=%2Fwp%2Fv2%2Fmedia&parent=140871"}],"wp:term":[{"taxonomy":"category","embeddable":true,"href":"https:\/\/diarioregionaldigital.com.br\/index.php?rest_route=%2Fwp%2Fv2%2Fcategories&post=140871"},{"taxonomy":"post_tag","embeddable":true,"href":"https:\/\/diarioregionaldigital.com.br\/index.php?rest_route=%2Fwp%2Fv2%2Ftags&post=140871"}],"curies":[{"name":"wp","href":"https:\/\/api.w.org\/{rel}","templated":true}]}}