{"id":140824,"date":"2019-05-25T07:46:32","date_gmt":"2019-05-25T10:46:32","guid":{"rendered":"https:\/\/diarioregionaldigital.com.br\/?p=140824"},"modified":"2019-05-25T07:46:32","modified_gmt":"2019-05-25T10:46:32","slug":"justica-libera-presenca-de-atletas-da-base-no-ninho-do-urubu","status":"publish","type":"post","link":"https:\/\/diarioregionaldigital.com.br\/?p=140824","title":{"rendered":"Justi\u00e7a libera presen\u00e7a de atletas da base no Ninho do Urubu"},"content":{"rendered":"<p>A presen\u00e7a e perman\u00eancia de crian\u00e7as e adolescentes no Ninho do Urubu, centro de treinamento do Flamengo, foi autorizada pela Justi\u00e7a. A medida foi tomada pelo juiz Pedro Henrique Alves, da 1\u00aa Vara da Inf\u00e2ncia, da Juventude e do Idoso, e divulgada nesta sexta-feira, 24. Com isso, atletas das categorias de base do clube podem voltar a frequentar e permanecer no local.<\/p>\n<p>A decis\u00e3o judicial foi baseada em um Termo de Ajustamento de Conduta (TAC), firmado entre o clube e a Justi\u00e7a no \u00faltimo dia 21, com a defini\u00e7\u00e3o de obriga\u00e7\u00f5es do Flamengo para garantir seguran\u00e7a, escolaridade e sa\u00fade aos atletas.<\/p>\n<p>O TAC determina que o Flamengo providencie o Habite-se regular junto \u00e0 prefeitura do Rio no prazo de 180 dias, sob pena de revoga\u00e7\u00e3o do documento. Precisar\u00e1 ainda do alvar\u00e1 de funcionamento expedido pelo munic\u00edpio, certificado do Corpo de Bombeiros, plantas das edifica\u00e7\u00f5es, protocolo de seguran\u00e7a contra inc\u00eandio e p\u00e2nico, treinamento de evacua\u00e7\u00e3o e rotina de treinamentos.<\/p>\n<p>Outra obriga\u00e7\u00e3o \u00e9 a oficializa\u00e7\u00e3o de contratos de forma\u00e7\u00e3o dos jogadores, residentes ou n\u00e3o no centro de treinamento, com a previs\u00e3o de bolsa para os atletas de faixa et\u00e1ria entre 14 e 20 anos, conforme a Lei Pel\u00e9. Cabe ainda ao clube assegurar o acesso e a perman\u00eancia do jovem em estabelecimento regular de ensino.<\/p>\n<p>No dia 8 de fevereiro, um inc\u00eandio destruiu as instala\u00e7\u00f5es do alojamento onde ficava os jogadores da categoria de base e provocou a morte de 10 atletas, al\u00e9m de ferimentos em tr\u00eas jogadores.<\/p>\n<p>Fonte: Ag\u00eancia Brasil<\/p>\n","protected":false},"excerpt":{"rendered":"<p>A presen\u00e7a e perman\u00eancia de crian\u00e7as e adolescentes no Ninho do Urubu, centro de treinamento do Flamengo, foi autorizada pela Justi\u00e7a. A medida foi tomada pelo juiz Pedro Henrique Alves, da 1\u00aa Vara da Inf\u00e2ncia, da Juventude e do Idoso, e divulgada nesta sexta-feira, 24. Com isso, atletas das categorias de base do clube podem [&hellip;]<\/p>\n","protected":false},"author":96,"featured_media":140825,"comment_status":"closed","ping_status":"closed","sticky":false,"template":"","format":"standard","meta":{"footnotes":""},"categories":[302,436,439],"tags":[],"class_list":["post-140824","post","type-post","status-publish","format-standard","has-post-thumbnail","hentry","category-brasil-mundo","category-destaque-da-semana","category-ultima-hora"],"_links":{"self":[{"href":"https:\/\/diarioregionaldigital.com.br\/index.php?rest_route=\/wp\/v2\/posts\/140824","targetHints":{"allow":["GET"]}}],"collection":[{"href":"https:\/\/diarioregionaldigital.com.br\/index.php?rest_route=\/wp\/v2\/posts"}],"about":[{"href":"https:\/\/diarioregionaldigital.com.br\/index.php?rest_route=\/wp\/v2\/types\/post"}],"author":[{"embeddable":true,"href":"https:\/\/diarioregionaldigital.com.br\/index.php?rest_route=\/wp\/v2\/users\/96"}],"replies":[{"embeddable":true,"href":"https:\/\/diarioregionaldigital.com.br\/index.php?rest_route=%2Fwp%2Fv2%2Fcomments&post=140824"}],"version-history":[{"count":0,"href":"https:\/\/diarioregionaldigital.com.br\/index.php?rest_route=\/wp\/v2\/posts\/140824\/revisions"}],"wp:featuredmedia":[{"embeddable":true,"href":"https:\/\/diarioregionaldigital.com.br\/index.php?rest_route=\/wp\/v2\/media\/140825"}],"wp:attachment":[{"href":"https:\/\/diarioregionaldigital.com.br\/index.php?rest_route=%2Fwp%2Fv2%2Fmedia&parent=140824"}],"wp:term":[{"taxonomy":"category","embeddable":true,"href":"https:\/\/diarioregionaldigital.com.br\/index.php?rest_route=%2Fwp%2Fv2%2Fcategories&post=140824"},{"taxonomy":"post_tag","embeddable":true,"href":"https:\/\/diarioregionaldigital.com.br\/index.php?rest_route=%2Fwp%2Fv2%2Ftags&post=140824"}],"curies":[{"name":"wp","href":"https:\/\/api.w.org\/{rel}","templated":true}]}}