{"id":140636,"date":"2019-05-22T14:49:12","date_gmt":"2019-05-22T17:49:12","guid":{"rendered":"https:\/\/diarioregionaldigital.com.br\/?p=140636"},"modified":"2019-05-22T17:53:37","modified_gmt":"2019-05-22T20:53:37","slug":"rua-fernando-lobo-sera-interditada-para-obras-nesta-quinta-feira","status":"publish","type":"post","link":"https:\/\/diarioregionaldigital.com.br\/?p=140636","title":{"rendered":"Rua Fernando Lobo ser\u00e1 interditada para obras nesta quinta-feira"},"content":{"rendered":"<p>A Rua Fernando Lobo, entre a Avenida Bar\u00e3o do Rio Branco e a Rua Santo Ant\u00f4nio, ser\u00e1 interditada totalmente nesta quinta-feira,23, para a realiza\u00e7\u00e3o de uma a\u00e7\u00e3o emergencial da Secretaria de Obras (SO). A previs\u00e3o \u00e9 que o trabalho seja realizado entre 9 e 12 horas.<\/p>\n<p>De acordo com a Secretaria de Transportes e Tr\u00e2nsito (Settra), o caminho alternativo para acessar a Rua Santo Ant\u00f4nio no trecho e a parte alta da Fernando Lobo pela Avenida Rio Branco deve ser realizado pela Rua Oscar Vidal.<\/p>\n<p>&nbsp;<\/p>\n","protected":false},"excerpt":{"rendered":"<p>A Rua Fernando Lobo, entre a Avenida Bar\u00e3o do Rio Branco e a Rua Santo Ant\u00f4nio, ser\u00e1 interditada totalmente nesta quinta-feira,23, para a realiza\u00e7\u00e3o de uma a\u00e7\u00e3o emergencial da Secretaria de Obras (SO). A previs\u00e3o \u00e9 que o trabalho seja realizado entre 9 e 12 horas. De acordo com a Secretaria de Transportes e Tr\u00e2nsito [&hellip;]<\/p>\n","protected":false},"author":96,"featured_media":140637,"comment_status":"closed","ping_status":"closed","sticky":false,"template":"","format":"standard","meta":{"footnotes":""},"categories":[253,436,440,439],"tags":[],"class_list":["post-140636","post","type-post","status-publish","format-standard","has-post-thumbnail","hentry","category-cidade","category-destaque-da-semana","category-destaques-do-dia","category-ultima-hora"],"_links":{"self":[{"href":"https:\/\/diarioregionaldigital.com.br\/index.php?rest_route=\/wp\/v2\/posts\/140636","targetHints":{"allow":["GET"]}}],"collection":[{"href":"https:\/\/diarioregionaldigital.com.br\/index.php?rest_route=\/wp\/v2\/posts"}],"about":[{"href":"https:\/\/diarioregionaldigital.com.br\/index.php?rest_route=\/wp\/v2\/types\/post"}],"author":[{"embeddable":true,"href":"https:\/\/diarioregionaldigital.com.br\/index.php?rest_route=\/wp\/v2\/users\/96"}],"replies":[{"embeddable":true,"href":"https:\/\/diarioregionaldigital.com.br\/index.php?rest_route=%2Fwp%2Fv2%2Fcomments&post=140636"}],"version-history":[{"count":0,"href":"https:\/\/diarioregionaldigital.com.br\/index.php?rest_route=\/wp\/v2\/posts\/140636\/revisions"}],"wp:featuredmedia":[{"embeddable":true,"href":"https:\/\/diarioregionaldigital.com.br\/index.php?rest_route=\/wp\/v2\/media\/140637"}],"wp:attachment":[{"href":"https:\/\/diarioregionaldigital.com.br\/index.php?rest_route=%2Fwp%2Fv2%2Fmedia&parent=140636"}],"wp:term":[{"taxonomy":"category","embeddable":true,"href":"https:\/\/diarioregionaldigital.com.br\/index.php?rest_route=%2Fwp%2Fv2%2Fcategories&post=140636"},{"taxonomy":"post_tag","embeddable":true,"href":"https:\/\/diarioregionaldigital.com.br\/index.php?rest_route=%2Fwp%2Fv2%2Ftags&post=140636"}],"curies":[{"name":"wp","href":"https:\/\/api.w.org\/{rel}","templated":true}]}}