{"id":140616,"date":"2019-05-22T15:34:51","date_gmt":"2019-05-22T18:34:51","guid":{"rendered":"https:\/\/diarioregionaldigital.com.br\/?p=140616"},"modified":"2019-05-22T15:34:51","modified_gmt":"2019-05-22T18:34:51","slug":"governo-publica-decreto-sobre-armas-civis-nao-podem-adquirir-fuzis","status":"publish","type":"post","link":"https:\/\/diarioregionaldigital.com.br\/?p=140616","title":{"rendered":"Governo publica decreto sobre armas; civis n\u00e3o podem adquirir fuzis"},"content":{"rendered":"<p>O governo federal publicou hoje (22) novo decreto que altera regras do\u00a0<a href=\"http:\/\/www.planalto.gov.br\/ccivil_03\/_ato2019-2022\/2019\/decreto\/D9785.htm\" target=\"_blank\" rel=\"noopener\">Decreto n\u00ba 9.785<\/a>, de 7 de maio de 2019, que trata da aquisi\u00e7\u00e3o, cadastro, registro, posse, porte e comercializa\u00e7\u00e3o de armas de fogo no pa\u00eds. Em nota, o Pal\u00e1cio do Planalto informou que as mudan\u00e7as foram determinadas pelo presidente Jair Bolsonaro \u201ca partir dos questionamentos feitos perante o Poder Judici\u00e1rio, no \u00e2mbito do Poder Legislativo e pela sociedade em geral\u201d.<\/p>\n<p>O\u00a0<a href=\"http:\/\/pesquisa.in.gov.br\/imprensa\/jsp\/visualiza\/index.jsp?data=22\/05\/2019&amp;jornal=515&amp;pagina=5&amp;totalArquivos=78\" target=\"_blank\" rel=\"noopener\">novo decreto<\/a>\u00a0(n\u00ba 9.797, de 21 de maio 2019) est\u00e1 publicado no\u00a0<em>Di\u00e1rio Oficial da Uni\u00e3o\u00a0<\/em>desta quarta-feira (22).<\/p>\n<p>Entre as altera\u00e7\u00f5es est\u00e1 o veto ao porte de armas de fuzis, carabinas ou espingardas para cidad\u00e3os comuns. Al\u00e9m de mudan\u00e7as relacionadas ao porte de arma para o cidad\u00e3o, h\u00e1 outras relacionadas \u00e0 for\u00e7as de seguran\u00e7a; aos colecionadores, ca\u00e7adores e atiradores; ao procedimento para concess\u00e3o do porte; e sobre as regras para transporte de armas em voos, que voltam a ser atribui\u00e7\u00e3o da Ag\u00eancia Nacional de Avia\u00e7\u00e3o Civil.<\/p>\n<p>Tamb\u00e9m foram publicadas hoje\u00a0<a href=\"http:\/\/pesquisa.in.gov.br\/imprensa\/jsp\/visualiza\/index.jsp?data=22\/05\/2019&amp;jornal=515&amp;pagina=2&amp;totalArquivos=78\" target=\"_blank\" rel=\"noopener\">retifica\u00e7\u00f5es<\/a>\u00a0no decreto original que, segundo a Presid\u00eancia, corrige erros meramente formais no texto original, como numera\u00e7\u00e3o duplicada de dispositivos, erros de pontua\u00e7\u00e3o, entre outros.<\/p>\n<p>Fonte: Ag\u00eancia Brasil<\/p>\n","protected":false},"excerpt":{"rendered":"<p>O governo federal publicou hoje (22) novo decreto que altera regras do\u00a0Decreto n\u00ba 9.785, de 7 de maio de 2019, que trata da aquisi\u00e7\u00e3o, cadastro, registro, posse, porte e comercializa\u00e7\u00e3o de armas de fogo no pa\u00eds. Em nota, o Pal\u00e1cio do Planalto informou que as mudan\u00e7as foram determinadas pelo presidente Jair Bolsonaro \u201ca partir dos [&hellip;]<\/p>\n","protected":false},"author":96,"featured_media":97343,"comment_status":"closed","ping_status":"closed","sticky":false,"template":"","format":"standard","meta":{"footnotes":""},"categories":[436,254,439],"tags":[],"class_list":["post-140616","post","type-post","status-publish","format-standard","has-post-thumbnail","hentry","category-destaque-da-semana","category-politica","category-ultima-hora"],"_links":{"self":[{"href":"https:\/\/diarioregionaldigital.com.br\/index.php?rest_route=\/wp\/v2\/posts\/140616","targetHints":{"allow":["GET"]}}],"collection":[{"href":"https:\/\/diarioregionaldigital.com.br\/index.php?rest_route=\/wp\/v2\/posts"}],"about":[{"href":"https:\/\/diarioregionaldigital.com.br\/index.php?rest_route=\/wp\/v2\/types\/post"}],"author":[{"embeddable":true,"href":"https:\/\/diarioregionaldigital.com.br\/index.php?rest_route=\/wp\/v2\/users\/96"}],"replies":[{"embeddable":true,"href":"https:\/\/diarioregionaldigital.com.br\/index.php?rest_route=%2Fwp%2Fv2%2Fcomments&post=140616"}],"version-history":[{"count":0,"href":"https:\/\/diarioregionaldigital.com.br\/index.php?rest_route=\/wp\/v2\/posts\/140616\/revisions"}],"wp:featuredmedia":[{"embeddable":true,"href":"https:\/\/diarioregionaldigital.com.br\/index.php?rest_route=\/wp\/v2\/media\/97343"}],"wp:attachment":[{"href":"https:\/\/diarioregionaldigital.com.br\/index.php?rest_route=%2Fwp%2Fv2%2Fmedia&parent=140616"}],"wp:term":[{"taxonomy":"category","embeddable":true,"href":"https:\/\/diarioregionaldigital.com.br\/index.php?rest_route=%2Fwp%2Fv2%2Fcategories&post=140616"},{"taxonomy":"post_tag","embeddable":true,"href":"https:\/\/diarioregionaldigital.com.br\/index.php?rest_route=%2Fwp%2Fv2%2Ftags&post=140616"}],"curies":[{"name":"wp","href":"https:\/\/api.w.org\/{rel}","templated":true}]}}