{"id":140615,"date":"2019-05-22T15:31:29","date_gmt":"2019-05-22T18:31:29","guid":{"rendered":"https:\/\/diarioregionaldigital.com.br\/?p=140615"},"modified":"2019-05-22T15:43:06","modified_gmt":"2019-05-22T18:43:06","slug":"consumidores-acreditam-em-inflacao-de-54-nos-proximos-12-meses","status":"publish","type":"post","link":"https:\/\/diarioregionaldigital.com.br\/?p=140615","title":{"rendered":"Consumidores acreditam em infla\u00e7\u00e3o de 5,4% nos pr\u00f3ximos 12 meses"},"content":{"rendered":"<p>A expectativa mediana dos consumidores brasileiros para a infla\u00e7\u00e3o nos pr\u00f3ximos 12 meses subiu para 5,4% na pesquisa da Funda\u00e7\u00e3o Getulio Vargas (FGV), realizada em maio. A taxa \u00e9 0,1 ponto percentual superior aos 5,3% registrados na pesquisa de abril.<\/p>\n<p>O indicador acumula alta de 0,5 ponto percentual nos \u00faltimos tr\u00eas meses. A pesquisa \u00e9 calculada com base em entrevistas com consumidores, que respondem \u00e0 seguinte pergunta: \u201cNa sua opini\u00e3o, de quanto ser\u00e1 a infla\u00e7\u00e3o brasileira nos pr\u00f3ximos 12 meses?\u201d<\/p>\n<p>De acordo com a pesquisadora da FGV Viviane Seda Bittencourt, o aumento da expectativa de infla\u00e7\u00e3o \u00e9 resultado da percep\u00e7\u00e3o sobre o aumento de pre\u00e7os e da queda da confian\u00e7a, influenciada pelo forte aumento da incerteza econ\u00f4mica.<\/p>\n<p>Apesar disso, a FGV considera que os n\u00fameros s\u00e3o bastante moderados, em termos hist\u00f3ricos, e s\u00e3o compat\u00edveis com a infla\u00e7\u00e3o oficial, que acumula 4,94% em 12 meses, segundo dados de abril do \u00cdndice Nacional de Pre\u00e7os ao Consumidor Amplo (IPCA) do Instituto Brasileiro de Geografia e Estat\u00edstica (IBGE).<\/p>\n<p>Fonte: Ag\u00eancia Brasil<\/p>\n","protected":false},"excerpt":{"rendered":"<p>A expectativa mediana dos consumidores brasileiros para a infla\u00e7\u00e3o nos pr\u00f3ximos 12 meses subiu para 5,4% na pesquisa da Funda\u00e7\u00e3o Getulio Vargas (FGV), realizada em maio. A taxa \u00e9 0,1 ponto percentual superior aos 5,3% registrados na pesquisa de abril. O indicador acumula alta de 0,5 ponto percentual nos \u00faltimos tr\u00eas meses. A pesquisa \u00e9 [&hellip;]<\/p>\n","protected":false},"author":96,"featured_media":140617,"comment_status":"closed","ping_status":"closed","sticky":false,"template":"","format":"standard","meta":{"footnotes":""},"categories":[436,261,439],"tags":[],"class_list":["post-140615","post","type-post","status-publish","format-standard","has-post-thumbnail","hentry","category-destaque-da-semana","category-economia","category-ultima-hora"],"_links":{"self":[{"href":"https:\/\/diarioregionaldigital.com.br\/index.php?rest_route=\/wp\/v2\/posts\/140615","targetHints":{"allow":["GET"]}}],"collection":[{"href":"https:\/\/diarioregionaldigital.com.br\/index.php?rest_route=\/wp\/v2\/posts"}],"about":[{"href":"https:\/\/diarioregionaldigital.com.br\/index.php?rest_route=\/wp\/v2\/types\/post"}],"author":[{"embeddable":true,"href":"https:\/\/diarioregionaldigital.com.br\/index.php?rest_route=\/wp\/v2\/users\/96"}],"replies":[{"embeddable":true,"href":"https:\/\/diarioregionaldigital.com.br\/index.php?rest_route=%2Fwp%2Fv2%2Fcomments&post=140615"}],"version-history":[{"count":0,"href":"https:\/\/diarioregionaldigital.com.br\/index.php?rest_route=\/wp\/v2\/posts\/140615\/revisions"}],"wp:featuredmedia":[{"embeddable":true,"href":"https:\/\/diarioregionaldigital.com.br\/index.php?rest_route=\/wp\/v2\/media\/140617"}],"wp:attachment":[{"href":"https:\/\/diarioregionaldigital.com.br\/index.php?rest_route=%2Fwp%2Fv2%2Fmedia&parent=140615"}],"wp:term":[{"taxonomy":"category","embeddable":true,"href":"https:\/\/diarioregionaldigital.com.br\/index.php?rest_route=%2Fwp%2Fv2%2Fcategories&post=140615"},{"taxonomy":"post_tag","embeddable":true,"href":"https:\/\/diarioregionaldigital.com.br\/index.php?rest_route=%2Fwp%2Fv2%2Ftags&post=140615"}],"curies":[{"name":"wp","href":"https:\/\/api.w.org\/{rel}","templated":true}]}}