{"id":140606,"date":"2019-05-22T15:02:29","date_gmt":"2019-05-22T18:02:29","guid":{"rendered":"https:\/\/diarioregionaldigital.com.br\/?p=140606"},"modified":"2019-05-22T15:25:31","modified_gmt":"2019-05-22T18:25:31","slug":"policia-civil-apreende-armas-e-toneladas-de-drogas-em-juiz-de-fora","status":"publish","type":"post","link":"https:\/\/diarioregionaldigital.com.br\/?p=140606","title":{"rendered":"Pol\u00edcia Civil apreende armas e toneladas de drogas em Juiz de Fora"},"content":{"rendered":"<p>Na manh\u00e3 desta quarta-feira, 22, a Pol\u00edcia Civil de Juiz de Fora divulgou o resultado da \u201cOpera\u00e7\u00e3o Murum\u201d, que culminou na maior apreens\u00e3o de drogas e armas da hist\u00f3ria de Juiz de Fora, e a maior em Minas Gerais este ano.<\/p>\n<p>A opera\u00e7\u00e3o foi deflagrada na ter\u00e7a-feira, 21, por meio da Inspetoria Regional de Investigadores e a Delegacia Antidrogas, sob comando do Delegado Rogerio Woyame. Ap\u00f3s meses de investiga\u00e7\u00f5es a respeito de um homem, que atuava em conjunto com criminosos do Rio de Janeiro, levando armas e drogas para serem distribu\u00eddas em Juiz de Fora e no Rio de Janeiro, os policiais chegaram ao endere\u00e7o de um s\u00edtio\u00a0no distrito de Torre\u00f5es.<\/p>\n<p>Segundo as informa\u00e7\u00f5es da Pol\u00edcia Civil, as organiza\u00e7\u00f5es criminosas utilizavam o local como \u201cporto seco\u201d, no qual as drogas e o armamento, considerado de guerra, vindos do Paraguai seriam armazenados e posteriormente distribu\u00eddos na cidade mineira e na capital fluminense.<\/p>\n<p>Ao chegarem ao local, os civis encontraram um caminh\u00e3o com um fundo falso onde estavam escondidas armas, sendo 8 fuzis, duas escopetas calibre 12, 23 pistolas e dois rev\u00f3lveres, cerca de 1000 muni\u00e7\u00f5es, al\u00e9m de tr\u00eas toneladas de maconha. Ainda no local, o homem, 38 anos, que estava sendo investigado pela Pol\u00edcia Civil, foi preso em flagrante por tr\u00e1fico internacional de drogas e tr\u00e1fico internacional de armas. Um carro tamb\u00e9m foi apreendido.<\/p>\n<div id=\"attachment_140608\" style=\"width: 469px\" class=\"wp-caption aligncenter\"><img loading=\"lazy\" decoding=\"async\" aria-describedby=\"caption-attachment-140608\" class=\" wp-image-140608\" src=\"https:\/\/diarioregionaldigital.com.br\/wp-content\/uploads\/2019\/05\/60865920_613743322462438_1855410070687318016_n-300x225.jpg\" alt=\"\" width=\"459\" height=\"344\" srcset=\"https:\/\/diarioregionaldigital.com.br\/wp-content\/uploads\/2019\/05\/60865920_613743322462438_1855410070687318016_n-300x225.jpg 300w, https:\/\/diarioregionaldigital.com.br\/wp-content\/uploads\/2019\/05\/60865920_613743322462438_1855410070687318016_n-768x576.jpg 768w, https:\/\/diarioregionaldigital.com.br\/wp-content\/uploads\/2019\/05\/60865920_613743322462438_1855410070687318016_n-360x270.jpg 360w, https:\/\/diarioregionaldigital.com.br\/wp-content\/uploads\/2019\/05\/60865920_613743322462438_1855410070687318016_n.jpg 960w\" sizes=\"auto, (max-width: 459px) 100vw, 459px\" \/><p id=\"caption-attachment-140608\" class=\"wp-caption-text\">Foto: Divulga\u00e7\u00e3o PC<\/p><\/div>\n<p>Ainda conforme as informa\u00e7\u00f5es da PC, durante as dilig\u00eancias policiais civis encontraram caixas de muni\u00e7\u00f5es que demonstram a origem paraguaia dos materiais apreendidos. O Delegado Regional, Armando Avolio, ressaltou a import\u00e2ncia da apreens\u00e3o realizada pela equipe da Pol\u00edcia Civil, que al\u00e9m de retirar um arsenal b\u00e9lico da posse dos criminosos, resultou tamb\u00e9m na maior apreens\u00e3o de maconha em Juiz de Fora, dando fim ao esquema criminoso que fazia utilizava a cidade para guardar as armas e drogas das fac\u00e7\u00f5es criminosas cariocas.\u00a0Segundo Delegado Rog\u00e9rio Woyame, \u201ca gente percebeu que pelo modo da organiza\u00e7\u00e3o criminosa funcionar, pelo tipo da apreens\u00e3o dos materiais, da quantidade de droga e do armamento, ficou claro que a proced\u00eancia desse material veio do Paraguai e parte dele estaria indo para o Rio de Janeiro\u201d, disse.<\/p>\n<p>De acordo com a PC, com as armas e drogas apreendidas, \u00e9 estimado um preju\u00edzo de cerca de 5 milh\u00f5es de reais para a organiza\u00e7\u00e3o criminosa. O nome da opera\u00e7\u00e3o \u201cMurum\u201d, muralha em Latim, faz alus\u00e3o a PC formando uma muralha, protegendo a entrada e comercializa\u00e7\u00e3o de drogas na cidade.<\/p>\n<div id=\"attachment_140609\" style=\"width: 501px\" class=\"wp-caption aligncenter\"><img loading=\"lazy\" decoding=\"async\" aria-describedby=\"caption-attachment-140609\" class=\" wp-image-140609\" src=\"https:\/\/diarioregionaldigital.com.br\/wp-content\/uploads\/2019\/05\/60695994_325356638142312_6343207598547795968_n-300x225.jpg\" alt=\"\" width=\"491\" height=\"368\" srcset=\"https:\/\/diarioregionaldigital.com.br\/wp-content\/uploads\/2019\/05\/60695994_325356638142312_6343207598547795968_n-300x225.jpg 300w, https:\/\/diarioregionaldigital.com.br\/wp-content\/uploads\/2019\/05\/60695994_325356638142312_6343207598547795968_n-768x576.jpg 768w, https:\/\/diarioregionaldigital.com.br\/wp-content\/uploads\/2019\/05\/60695994_325356638142312_6343207598547795968_n-360x270.jpg 360w, https:\/\/diarioregionaldigital.com.br\/wp-content\/uploads\/2019\/05\/60695994_325356638142312_6343207598547795968_n.jpg 960w\" sizes=\"auto, (max-width: 491px) 100vw, 491px\" \/><p id=\"caption-attachment-140609\" class=\"wp-caption-text\">Foto: Divulga\u00e7\u00e3o PC<\/p><\/div>\n<p>Mais detalhes sobre o homem preso em flagrante n\u00e3o foram divulgados, pois \u00e0s investiga\u00e7\u00f5es ter\u00e3o continuidade para que se chegue ao grupo respons\u00e1vel pelo esquema de tr\u00e1fico.<\/p>\n","protected":false},"excerpt":{"rendered":"<p>Na manh\u00e3 desta quarta-feira, 22, a Pol\u00edcia Civil de Juiz de Fora divulgou o resultado da \u201cOpera\u00e7\u00e3o Murum\u201d, que culminou na maior apreens\u00e3o de drogas e armas da hist\u00f3ria de Juiz de Fora, e a maior em Minas Gerais este ano. A opera\u00e7\u00e3o foi deflagrada na ter\u00e7a-feira, 21, por meio da Inspetoria Regional de Investigadores [&hellip;]<\/p>\n","protected":false},"author":96,"featured_media":140607,"comment_status":"closed","ping_status":"closed","sticky":false,"template":"","format":"standard","meta":{"footnotes":""},"categories":[301,436,440,439],"tags":[],"class_list":["post-140606","post","type-post","status-publish","format-standard","has-post-thumbnail","hentry","category-artigos-policiais","category-destaque-da-semana","category-destaques-do-dia","category-ultima-hora"],"_links":{"self":[{"href":"https:\/\/diarioregionaldigital.com.br\/index.php?rest_route=\/wp\/v2\/posts\/140606","targetHints":{"allow":["GET"]}}],"collection":[{"href":"https:\/\/diarioregionaldigital.com.br\/index.php?rest_route=\/wp\/v2\/posts"}],"about":[{"href":"https:\/\/diarioregionaldigital.com.br\/index.php?rest_route=\/wp\/v2\/types\/post"}],"author":[{"embeddable":true,"href":"https:\/\/diarioregionaldigital.com.br\/index.php?rest_route=\/wp\/v2\/users\/96"}],"replies":[{"embeddable":true,"href":"https:\/\/diarioregionaldigital.com.br\/index.php?rest_route=%2Fwp%2Fv2%2Fcomments&post=140606"}],"version-history":[{"count":0,"href":"https:\/\/diarioregionaldigital.com.br\/index.php?rest_route=\/wp\/v2\/posts\/140606\/revisions"}],"wp:featuredmedia":[{"embeddable":true,"href":"https:\/\/diarioregionaldigital.com.br\/index.php?rest_route=\/wp\/v2\/media\/140607"}],"wp:attachment":[{"href":"https:\/\/diarioregionaldigital.com.br\/index.php?rest_route=%2Fwp%2Fv2%2Fmedia&parent=140606"}],"wp:term":[{"taxonomy":"category","embeddable":true,"href":"https:\/\/diarioregionaldigital.com.br\/index.php?rest_route=%2Fwp%2Fv2%2Fcategories&post=140606"},{"taxonomy":"post_tag","embeddable":true,"href":"https:\/\/diarioregionaldigital.com.br\/index.php?rest_route=%2Fwp%2Fv2%2Ftags&post=140606"}],"curies":[{"name":"wp","href":"https:\/\/api.w.org\/{rel}","templated":true}]}}