{"id":140594,"date":"2019-05-22T11:50:58","date_gmt":"2019-05-22T14:50:58","guid":{"rendered":"https:\/\/diarioregionaldigital.com.br\/?p=140594"},"modified":"2019-05-22T17:37:48","modified_gmt":"2019-05-22T20:37:48","slug":"copa-do-brasil-de-fotografia-acontece-neste-domingo-em-jf","status":"publish","type":"post","link":"https:\/\/diarioregionaldigital.com.br\/?p=140594","title":{"rendered":"Copa do Brasil de Fotografia acontece neste domingo em JF"},"content":{"rendered":"<p>Lazer e entretenimento para os amantes da fotografia, profissionais e amadores neste domingo, 26, na terceira edi\u00e7\u00e3o da Copa do Brasil de Fotografia \u2013 etapa de Juiz de Fora. O concurso que ser\u00e1 realizado a partir das 10h30 na Funda\u00e7\u00e3o Museu Mariano Proc\u00f3pio (R. Mariano Proc\u00f3pio, 1100 &#8211; Mariano Proc\u00f3pio), faz parte da programa\u00e7\u00e3o de maio da Prefeitura de Juiz de Fora (PJF) em comemora\u00e7\u00e3o ao 169\u00b0 anivers\u00e1rio da cidade.<\/p>\n<p>A mec\u00e2nica do desafio presencial consiste em reunir os competidores em um mesmo dia e espa\u00e7o p\u00fablico, distribuindo tema e condi\u00e7\u00f5es esperadas pelo j\u00fari para a fotografia final. A largada \u00e9 dada, e as fotos captadas pelos participantes nas redondezas devem ser entregues no hor\u00e1rio estipulado pela organiza\u00e7\u00e3o. J\u00e1 no desafio on-line, os inscritos receber\u00e3o o tema por meio das redes sociais, 15 minutos ap\u00f3s o in\u00edcio da etapa, e ter\u00e3o cinco horas para encaminhar a foto com divulga\u00e7\u00e3o do resultado final em at\u00e9 dois dias. Cada categoria pode participar com uma fotografia, que ser\u00e1 avaliada nos requisitos: Tema (nota 5 ou 10) e Crit\u00e9rios T\u00e9cnicos (nota de 5 a 10).<\/p>\n<p>Os tr\u00eas primeiros lugares dos desafios ser\u00e3o premiados com trof\u00e9us, servi\u00e7os, acess\u00f3rios dos parceiros e descontos para futuras etapas da Copa. A taxa de inscri\u00e7\u00e3o inclui um kit com camiseta, brinde dos patrocinadores e medalha ap\u00f3s a entrega da foto. O regulamento completo de cada categoria pode ser consultado na pagina <a href=\"https:\/\/www.copadobrasildefotografia.com.br\/\">oficial do evento<\/a>.<\/p>\n<p>Os interessados podem participar portando equipamentos como smartphones, tablets, m\u00e1quinas fotogr\u00e1ficas digitais profissionais ou compactas, de acordo com as categorias Light, Expert, Mobile e Ensaio. As inscri\u00e7\u00f5es devem ser realizadas no <a href=\"https:\/\/www.copadobrasildefotografia.com.br\/inscricoes_concurso_de_foto\/\">site do concurso<\/a> e os valores variam de acordo com a categoria escolhida pelo participante.<\/p>\n<p><strong>\u201dZoom no Futuro\u201d<\/strong><\/p>\n<p>Em todas as cidades por onde passa, a \u201cCopa do Brasil de Fotografia\u201d \u00e9 agregada ao projeto \u201cZoom no Futuro\u201d, que oferece a alunos de escola p\u00fablica, dentre outros grupos, um minicurso de fotografia, e, para esta edi\u00e7\u00e3o, ser\u00e1 realizada oficina no dia do evento. Segundo Jorge Vitorio, organizador do evento, a oficina tem o objetivo de mostrar as possibilidades da fotografia, al\u00e9m do hobby, j\u00e1 que a atividade pode ser aliada \u00e0 gera\u00e7\u00e3o de renda.A novidade deste ano \u00e9 a amplia\u00e7\u00e3o do projeto para toda a comunidade interessada em aprender sobre a atividade. E para participar, basta se inscrever e levar equipamento.<\/p>\n<p>&nbsp;<\/p>\n<p>&nbsp;<\/p>\n<p>&nbsp;<\/p>\n<p>&nbsp;<\/p>\n","protected":false},"excerpt":{"rendered":"<p>Lazer e entretenimento para os amantes da fotografia, profissionais e amadores neste domingo, 26, na terceira edi\u00e7\u00e3o da Copa do Brasil de Fotografia \u2013 etapa de Juiz de Fora. O concurso que ser\u00e1 realizado a partir das 10h30 na Funda\u00e7\u00e3o Museu Mariano Proc\u00f3pio (R. Mariano Proc\u00f3pio, 1100 &#8211; Mariano Proc\u00f3pio), faz parte da programa\u00e7\u00e3o de [&hellip;]<\/p>\n","protected":false},"author":96,"featured_media":140595,"comment_status":"closed","ping_status":"closed","sticky":false,"template":"","format":"standard","meta":{"footnotes":""},"categories":[253,440],"tags":[],"class_list":["post-140594","post","type-post","status-publish","format-standard","has-post-thumbnail","hentry","category-cidade","category-destaques-do-dia"],"_links":{"self":[{"href":"https:\/\/diarioregionaldigital.com.br\/index.php?rest_route=\/wp\/v2\/posts\/140594","targetHints":{"allow":["GET"]}}],"collection":[{"href":"https:\/\/diarioregionaldigital.com.br\/index.php?rest_route=\/wp\/v2\/posts"}],"about":[{"href":"https:\/\/diarioregionaldigital.com.br\/index.php?rest_route=\/wp\/v2\/types\/post"}],"author":[{"embeddable":true,"href":"https:\/\/diarioregionaldigital.com.br\/index.php?rest_route=\/wp\/v2\/users\/96"}],"replies":[{"embeddable":true,"href":"https:\/\/diarioregionaldigital.com.br\/index.php?rest_route=%2Fwp%2Fv2%2Fcomments&post=140594"}],"version-history":[{"count":0,"href":"https:\/\/diarioregionaldigital.com.br\/index.php?rest_route=\/wp\/v2\/posts\/140594\/revisions"}],"wp:featuredmedia":[{"embeddable":true,"href":"https:\/\/diarioregionaldigital.com.br\/index.php?rest_route=\/wp\/v2\/media\/140595"}],"wp:attachment":[{"href":"https:\/\/diarioregionaldigital.com.br\/index.php?rest_route=%2Fwp%2Fv2%2Fmedia&parent=140594"}],"wp:term":[{"taxonomy":"category","embeddable":true,"href":"https:\/\/diarioregionaldigital.com.br\/index.php?rest_route=%2Fwp%2Fv2%2Fcategories&post=140594"},{"taxonomy":"post_tag","embeddable":true,"href":"https:\/\/diarioregionaldigital.com.br\/index.php?rest_route=%2Fwp%2Fv2%2Ftags&post=140594"}],"curies":[{"name":"wp","href":"https:\/\/api.w.org\/{rel}","templated":true}]}}