{"id":140582,"date":"2019-05-22T06:00:45","date_gmt":"2019-05-22T09:00:45","guid":{"rendered":"https:\/\/diarioregionaldigital.com.br\/?p=140582"},"modified":"2019-05-21T19:13:07","modified_gmt":"2019-05-21T22:13:07","slug":"aniversario-show","status":"publish","type":"post","link":"https:\/\/diarioregionaldigital.com.br\/?p=140582","title":{"rendered":"Anivers\u00e1rio Show"},"content":{"rendered":"<p style=\"text-align: center;\"><strong>Anivers\u00e1rio Show<\/strong><\/p>\n<p style=\"text-align: center;\">Uma noite iluminada foi orquestrada na Est\u00e2ncia Dom Vi\u00e7oso para a comemora\u00e7\u00e3o do anivers\u00e1rio do colunista virtual Marc\u00edlio Gomes. A arte e o engenho de Francele Galil Singularidades mostrou requinte na mesa de acepipes \u00e1rabes. Na mesa central, bolo delicioso de Carmem Salgados Finos, doces requintados do Atelier Maria Pipoca e Regina Monteiro e os bem-vividos de Soniheli. No auge da festa, os holofotes surgiram para a dan\u00e7a \u00e1rabe de Natalia Goulart e Dudu Calixto. Rodadas de champanhe completou a noite. As fotos de Cl\u00e1udia Nunes (Oclick) s\u00e3o destaque hoje nesta p\u00e1gina.<\/p>\n<div id=\"attachment_140545\" style=\"width: 690px\" class=\"wp-caption aligncenter\"><img loading=\"lazy\" decoding=\"async\" aria-describedby=\"caption-attachment-140545\" class=\"wp-image-140545\" src=\"https:\/\/diarioregionaldigital.com.br\/wp-content\/uploads\/2019\/05\/fotoa-13.jpg\" alt=\"\" width=\"680\" height=\"454\" srcset=\"https:\/\/diarioregionaldigital.com.br\/wp-content\/uploads\/2019\/05\/fotoa-13.jpg 550w, https:\/\/diarioregionaldigital.com.br\/wp-content\/uploads\/2019\/05\/fotoa-13-300x200.jpg 300w, https:\/\/diarioregionaldigital.com.br\/wp-content\/uploads\/2019\/05\/fotoa-13-360x240.jpg 360w\" sizes=\"auto, (max-width: 680px) 100vw, 680px\" \/><p id=\"caption-attachment-140545\" class=\"wp-caption-text\">Marc\u00edlio Gomes ladeado das lindas, Andreia Macedo Goossens, Silvana Perotti, Ticiane Ciampi, Edilaine Barbosa, Izadora Arodasi e Lilia Nunes<\/p><\/div>\n<p>&nbsp;<\/p>\n<div id=\"attachment_140546\" style=\"width: 690px\" class=\"wp-caption aligncenter\"><img loading=\"lazy\" decoding=\"async\" aria-describedby=\"caption-attachment-140546\" class=\"wp-image-140546\" src=\"https:\/\/diarioregionaldigital.com.br\/wp-content\/uploads\/2019\/05\/fotob-11.jpg\" alt=\"\" width=\"680\" height=\"454\" srcset=\"https:\/\/diarioregionaldigital.com.br\/wp-content\/uploads\/2019\/05\/fotob-11.jpg 550w, https:\/\/diarioregionaldigital.com.br\/wp-content\/uploads\/2019\/05\/fotob-11-300x200.jpg 300w, https:\/\/diarioregionaldigital.com.br\/wp-content\/uploads\/2019\/05\/fotob-11-360x240.jpg 360w\" sizes=\"auto, (max-width: 680px) 100vw, 680px\" \/><p id=\"caption-attachment-140546\" class=\"wp-caption-text\">Leonardo Crolman, L\u00edvia Cal, Marc\u00edlio Gomes, Ana Cristina Ribeiro e Giuliano Aquino<\/p><\/div>\n<div id=\"attachment_140547\" style=\"width: 690px\" class=\"wp-caption aligncenter\"><img loading=\"lazy\" decoding=\"async\" aria-describedby=\"caption-attachment-140547\" class=\"wp-image-140547\" src=\"https:\/\/diarioregionaldigital.com.br\/wp-content\/uploads\/2019\/05\/fotoc-12.jpg\" alt=\"\" width=\"680\" height=\"451\" srcset=\"https:\/\/diarioregionaldigital.com.br\/wp-content\/uploads\/2019\/05\/fotoc-12.jpg 1764w, https:\/\/diarioregionaldigital.com.br\/wp-content\/uploads\/2019\/05\/fotoc-12-300x199.jpg 300w, https:\/\/diarioregionaldigital.com.br\/wp-content\/uploads\/2019\/05\/fotoc-12-768x509.jpg 768w, https:\/\/diarioregionaldigital.com.br\/wp-content\/uploads\/2019\/05\/fotoc-12-1024x679.jpg 1024w, https:\/\/diarioregionaldigital.com.br\/wp-content\/uploads\/2019\/05\/fotoc-12-360x239.jpg 360w\" sizes=\"auto, (max-width: 680px) 100vw, 680px\" \/><p id=\"caption-attachment-140547\" class=\"wp-caption-text\">Rita Gonelly, Marc\u00edlio Gomes e a dan\u00e7arina Natalia Goulart<\/p><\/div>\n<div id=\"attachment_140548\" style=\"width: 690px\" class=\"wp-caption aligncenter\"><img loading=\"lazy\" decoding=\"async\" aria-describedby=\"caption-attachment-140548\" class=\"wp-image-140548\" src=\"https:\/\/diarioregionaldigital.com.br\/wp-content\/uploads\/2019\/05\/fotod-11.jpg\" alt=\"\" width=\"680\" height=\"453\" srcset=\"https:\/\/diarioregionaldigital.com.br\/wp-content\/uploads\/2019\/05\/fotod-11.jpg 1764w, https:\/\/diarioregionaldigital.com.br\/wp-content\/uploads\/2019\/05\/fotod-11-300x200.jpg 300w, https:\/\/diarioregionaldigital.com.br\/wp-content\/uploads\/2019\/05\/fotod-11-768x512.jpg 768w, https:\/\/diarioregionaldigital.com.br\/wp-content\/uploads\/2019\/05\/fotod-11-1024x683.jpg 1024w, https:\/\/diarioregionaldigital.com.br\/wp-content\/uploads\/2019\/05\/fotod-11-360x240.jpg 360w\" sizes=\"auto, (max-width: 680px) 100vw, 680px\" \/><p id=\"caption-attachment-140548\" class=\"wp-caption-text\">Ney e Beth Ank, Ticiane Ciampi, Ivete Gomes, Wandercina Souza, Marc\u00edlio Gomes, Wanda Magnolo<\/p><\/div>\n<div id=\"attachment_140549\" style=\"width: 690px\" class=\"wp-caption aligncenter\"><img loading=\"lazy\" decoding=\"async\" aria-describedby=\"caption-attachment-140549\" class=\"wp-image-140549\" src=\"https:\/\/diarioregionaldigital.com.br\/wp-content\/uploads\/2019\/05\/fotoe-12.jpg\" alt=\"\" width=\"680\" height=\"449\" srcset=\"https:\/\/diarioregionaldigital.com.br\/wp-content\/uploads\/2019\/05\/fotoe-12.jpg 1764w, https:\/\/diarioregionaldigital.com.br\/wp-content\/uploads\/2019\/05\/fotoe-12-300x198.jpg 300w, https:\/\/diarioregionaldigital.com.br\/wp-content\/uploads\/2019\/05\/fotoe-12-768x507.jpg 768w, https:\/\/diarioregionaldigital.com.br\/wp-content\/uploads\/2019\/05\/fotoe-12-1024x676.jpg 1024w, https:\/\/diarioregionaldigital.com.br\/wp-content\/uploads\/2019\/05\/fotoe-12-1440x950.jpg 1440w, https:\/\/diarioregionaldigital.com.br\/wp-content\/uploads\/2019\/05\/fotoe-12-360x238.jpg 360w\" sizes=\"auto, (max-width: 680px) 100vw, 680px\" \/><p id=\"caption-attachment-140549\" class=\"wp-caption-text\">O dan\u00e7arino aplaudid\u00edssimo Dudu Calixto<\/p><\/div>\n<div id=\"attachment_140550\" style=\"width: 690px\" class=\"wp-caption aligncenter\"><img loading=\"lazy\" decoding=\"async\" aria-describedby=\"caption-attachment-140550\" class=\"wp-image-140550\" src=\"https:\/\/diarioregionaldigital.com.br\/wp-content\/uploads\/2019\/05\/fotof-12.jpg\" alt=\"\" width=\"680\" height=\"454\" srcset=\"https:\/\/diarioregionaldigital.com.br\/wp-content\/uploads\/2019\/05\/fotof-12.jpg 550w, https:\/\/diarioregionaldigital.com.br\/wp-content\/uploads\/2019\/05\/fotof-12-300x200.jpg 300w, https:\/\/diarioregionaldigital.com.br\/wp-content\/uploads\/2019\/05\/fotof-12-360x240.jpg 360w\" sizes=\"auto, (max-width: 680px) 100vw, 680px\" \/><p id=\"caption-attachment-140550\" class=\"wp-caption-text\">Ivanir Ferreira, Marc\u00edlio Gomes, Eveline Toledo, Eduardo Gomes, Erika Beire, Helenise Machado e Beto Souza<\/p><\/div>\n<div id=\"attachment_140551\" style=\"width: 690px\" class=\"wp-caption aligncenter\"><img loading=\"lazy\" decoding=\"async\" aria-describedby=\"caption-attachment-140551\" class=\"wp-image-140551\" src=\"https:\/\/diarioregionaldigital.com.br\/wp-content\/uploads\/2019\/05\/fotog-12.jpg\" alt=\"\" width=\"680\" height=\"454\" srcset=\"https:\/\/diarioregionaldigital.com.br\/wp-content\/uploads\/2019\/05\/fotog-12.jpg 550w, https:\/\/diarioregionaldigital.com.br\/wp-content\/uploads\/2019\/05\/fotog-12-300x200.jpg 300w, https:\/\/diarioregionaldigital.com.br\/wp-content\/uploads\/2019\/05\/fotog-12-360x240.jpg 360w\" sizes=\"auto, (max-width: 680px) 100vw, 680px\" \/><p id=\"caption-attachment-140551\" class=\"wp-caption-text\">Neuza Marsicano, Vera Ludolf, Marc\u00edlio Gomes e Juliana Ribeiro<\/p><\/div>\n<div id=\"attachment_140552\" style=\"width: 690px\" class=\"wp-caption aligncenter\"><img loading=\"lazy\" decoding=\"async\" aria-describedby=\"caption-attachment-140552\" class=\"wp-image-140552\" src=\"https:\/\/diarioregionaldigital.com.br\/wp-content\/uploads\/2019\/05\/fotoh-13.jpg\" alt=\"\" width=\"680\" height=\"454\" srcset=\"https:\/\/diarioregionaldigital.com.br\/wp-content\/uploads\/2019\/05\/fotoh-13.jpg 550w, https:\/\/diarioregionaldigital.com.br\/wp-content\/uploads\/2019\/05\/fotoh-13-300x200.jpg 300w, https:\/\/diarioregionaldigital.com.br\/wp-content\/uploads\/2019\/05\/fotoh-13-360x240.jpg 360w\" sizes=\"auto, (max-width: 680px) 100vw, 680px\" \/><p id=\"caption-attachment-140552\" class=\"wp-caption-text\">Raquel e Denilson Romano com Marc\u00edlio Gomes<\/p><\/div>\n<div id=\"attachment_140553\" style=\"width: 690px\" class=\"wp-caption aligncenter\"><img loading=\"lazy\" decoding=\"async\" aria-describedby=\"caption-attachment-140553\" class=\"wp-image-140553\" src=\"https:\/\/diarioregionaldigital.com.br\/wp-content\/uploads\/2019\/05\/fotoi-10.jpg\" alt=\"\" width=\"680\" height=\"454\" srcset=\"https:\/\/diarioregionaldigital.com.br\/wp-content\/uploads\/2019\/05\/fotoi-10.jpg 550w, https:\/\/diarioregionaldigital.com.br\/wp-content\/uploads\/2019\/05\/fotoi-10-300x200.jpg 300w, https:\/\/diarioregionaldigital.com.br\/wp-content\/uploads\/2019\/05\/fotoi-10-360x240.jpg 360w\" sizes=\"auto, (max-width: 680px) 100vw, 680px\" \/><p id=\"caption-attachment-140553\" class=\"wp-caption-text\">As poderosas, Andrea Cynthia, Soniely, Maria Teresa Alencar e Francele Galil<\/p><\/div>\n<div id=\"attachment_140554\" style=\"width: 690px\" class=\"wp-caption aligncenter\"><img loading=\"lazy\" decoding=\"async\" aria-describedby=\"caption-attachment-140554\" class=\"wp-image-140554\" src=\"https:\/\/diarioregionaldigital.com.br\/wp-content\/uploads\/2019\/05\/fotoj-9.jpg\" alt=\"\" width=\"680\" height=\"454\" srcset=\"https:\/\/diarioregionaldigital.com.br\/wp-content\/uploads\/2019\/05\/fotoj-9.jpg 550w, https:\/\/diarioregionaldigital.com.br\/wp-content\/uploads\/2019\/05\/fotoj-9-300x200.jpg 300w, https:\/\/diarioregionaldigital.com.br\/wp-content\/uploads\/2019\/05\/fotoj-9-360x240.jpg 360w\" sizes=\"auto, (max-width: 680px) 100vw, 680px\" \/><p id=\"caption-attachment-140554\" class=\"wp-caption-text\">Regina Monteiro, Stella L\u00edrio, S\u00f4nia Zouain, Marc\u00edlio Gomes, Gabriella Lagrotta, Gracinha Ara\u00fajo e Salom\u00e9 Ferreira<\/p><\/div>\n<div id=\"attachment_140555\" style=\"width: 690px\" class=\"wp-caption aligncenter\"><img loading=\"lazy\" decoding=\"async\" aria-describedby=\"caption-attachment-140555\" class=\"wp-image-140555\" src=\"https:\/\/diarioregionaldigital.com.br\/wp-content\/uploads\/2019\/05\/fotol-4.jpg\" alt=\"\" width=\"680\" height=\"454\" srcset=\"https:\/\/diarioregionaldigital.com.br\/wp-content\/uploads\/2019\/05\/fotol-4.jpg 550w, https:\/\/diarioregionaldigital.com.br\/wp-content\/uploads\/2019\/05\/fotol-4-300x200.jpg 300w, https:\/\/diarioregionaldigital.com.br\/wp-content\/uploads\/2019\/05\/fotol-4-360x240.jpg 360w\" sizes=\"auto, (max-width: 680px) 100vw, 680px\" \/><p id=\"caption-attachment-140555\" class=\"wp-caption-text\">Joyce Fernandes, S\u00f4nia Zoauin, Marc\u00edlio Gomes e Neth Fernandes<\/p><\/div>\n<div id=\"attachment_140556\" style=\"width: 690px\" class=\"wp-caption aligncenter\"><img loading=\"lazy\" decoding=\"async\" aria-describedby=\"caption-attachment-140556\" class=\"wp-image-140556\" src=\"https:\/\/diarioregionaldigital.com.br\/wp-content\/uploads\/2019\/05\/fotom-3.jpg\" alt=\"\" width=\"680\" height=\"454\" srcset=\"https:\/\/diarioregionaldigital.com.br\/wp-content\/uploads\/2019\/05\/fotom-3.jpg 550w, https:\/\/diarioregionaldigital.com.br\/wp-content\/uploads\/2019\/05\/fotom-3-300x200.jpg 300w, https:\/\/diarioregionaldigital.com.br\/wp-content\/uploads\/2019\/05\/fotom-3-360x240.jpg 360w\" sizes=\"auto, (max-width: 680px) 100vw, 680px\" \/><p id=\"caption-attachment-140556\" class=\"wp-caption-text\">Beth Ank, Marc\u00edlio Gomes, Arly e Val\u00e9ria Queiros Salles<\/p><\/div>\n<div id=\"attachment_140557\" style=\"width: 690px\" class=\"wp-caption aligncenter\"><img loading=\"lazy\" decoding=\"async\" aria-describedby=\"caption-attachment-140557\" class=\"wp-image-140557\" src=\"https:\/\/diarioregionaldigital.com.br\/wp-content\/uploads\/2019\/05\/foton-3.jpg\" alt=\"\" width=\"680\" height=\"454\" srcset=\"https:\/\/diarioregionaldigital.com.br\/wp-content\/uploads\/2019\/05\/foton-3.jpg 550w, https:\/\/diarioregionaldigital.com.br\/wp-content\/uploads\/2019\/05\/foton-3-300x200.jpg 300w, https:\/\/diarioregionaldigital.com.br\/wp-content\/uploads\/2019\/05\/foton-3-360x240.jpg 360w\" sizes=\"auto, (max-width: 680px) 100vw, 680px\" \/><p id=\"caption-attachment-140557\" class=\"wp-caption-text\">S\u00e9fora Linhares, Carmem L\u00facia Linhares, Mayda e Jamil Santos<\/p><\/div>\n<div id=\"attachment_140558\" style=\"width: 690px\" class=\"wp-caption aligncenter\"><img loading=\"lazy\" decoding=\"async\" aria-describedby=\"caption-attachment-140558\" class=\"wp-image-140558\" src=\"https:\/\/diarioregionaldigital.com.br\/wp-content\/uploads\/2019\/05\/fotoo-2.jpg\" alt=\"\" width=\"680\" height=\"454\" srcset=\"https:\/\/diarioregionaldigital.com.br\/wp-content\/uploads\/2019\/05\/fotoo-2.jpg 550w, https:\/\/diarioregionaldigital.com.br\/wp-content\/uploads\/2019\/05\/fotoo-2-300x200.jpg 300w, https:\/\/diarioregionaldigital.com.br\/wp-content\/uploads\/2019\/05\/fotoo-2-360x240.jpg 360w\" sizes=\"auto, (max-width: 680px) 100vw, 680px\" \/><p id=\"caption-attachment-140558\" class=\"wp-caption-text\">Sandra Cordeiro, Liliane Manera, Meire Milhomens e C\u00e9lia Fassheber<\/p><\/div>\n<div id=\"attachment_140559\" style=\"width: 690px\" class=\"wp-caption aligncenter\"><img loading=\"lazy\" decoding=\"async\" aria-describedby=\"caption-attachment-140559\" class=\"wp-image-140559\" src=\"https:\/\/diarioregionaldigital.com.br\/wp-content\/uploads\/2019\/05\/fotop-2-e1558476259957.jpg\" alt=\"\" width=\"680\" height=\"502\" srcset=\"https:\/\/diarioregionaldigital.com.br\/wp-content\/uploads\/2019\/05\/fotop-2-e1558476259957.jpg 356w, https:\/\/diarioregionaldigital.com.br\/wp-content\/uploads\/2019\/05\/fotop-2-e1558476259957-300x222.jpg 300w\" sizes=\"auto, (max-width: 680px) 100vw, 680px\" \/><p id=\"caption-attachment-140559\" class=\"wp-caption-text\">Maria Teresa Alencar, Emilia Tavela Ribeiro e Marc\u00edlio Gomes<\/p><\/div>\n<div id=\"attachment_140560\" style=\"width: 690px\" class=\"wp-caption aligncenter\"><img loading=\"lazy\" decoding=\"async\" aria-describedby=\"caption-attachment-140560\" class=\"wp-image-140560\" src=\"https:\/\/diarioregionaldigital.com.br\/wp-content\/uploads\/2019\/05\/fotoq-2-e1558476283135.jpg\" alt=\"\" width=\"680\" height=\"530\" srcset=\"https:\/\/diarioregionaldigital.com.br\/wp-content\/uploads\/2019\/05\/fotoq-2-e1558476283135.jpg 400w, https:\/\/diarioregionaldigital.com.br\/wp-content\/uploads\/2019\/05\/fotoq-2-e1558476283135-300x234.jpg 300w, https:\/\/diarioregionaldigital.com.br\/wp-content\/uploads\/2019\/05\/fotoq-2-e1558476283135-360x281.jpg 360w\" sizes=\"auto, (max-width: 680px) 100vw, 680px\" \/><p id=\"caption-attachment-140560\" class=\"wp-caption-text\">S\u00f4nia Parma, Marc\u00edlio Gomes, Paulo Andrade<\/p><\/div>\n<div id=\"attachment_140561\" style=\"width: 690px\" class=\"wp-caption aligncenter\"><img loading=\"lazy\" decoding=\"async\" aria-describedby=\"caption-attachment-140561\" class=\"wp-image-140561\" src=\"https:\/\/diarioregionaldigital.com.br\/wp-content\/uploads\/2019\/05\/fotor-2.jpg\" alt=\"\" width=\"680\" height=\"454\" srcset=\"https:\/\/diarioregionaldigital.com.br\/wp-content\/uploads\/2019\/05\/fotor-2.jpg 550w, https:\/\/diarioregionaldigital.com.br\/wp-content\/uploads\/2019\/05\/fotor-2-300x200.jpg 300w, https:\/\/diarioregionaldigital.com.br\/wp-content\/uploads\/2019\/05\/fotor-2-360x240.jpg 360w\" sizes=\"auto, (max-width: 680px) 100vw, 680px\" \/><p id=\"caption-attachment-140561\" class=\"wp-caption-text\">Adalberto Silva, Marc\u00edlio Gomes, Virg\u00ednia Resende<\/p><\/div>\n<div id=\"attachment_140562\" style=\"width: 690px\" class=\"wp-caption aligncenter\"><img loading=\"lazy\" decoding=\"async\" aria-describedby=\"caption-attachment-140562\" class=\"wp-image-140562\" src=\"https:\/\/diarioregionaldigital.com.br\/wp-content\/uploads\/2019\/05\/fotos-2-e1558476316683.jpg\" alt=\"\" width=\"680\" height=\"511\" srcset=\"https:\/\/diarioregionaldigital.com.br\/wp-content\/uploads\/2019\/05\/fotos-2-e1558476316683.jpg 1173w, https:\/\/diarioregionaldigital.com.br\/wp-content\/uploads\/2019\/05\/fotos-2-e1558476316683-300x226.jpg 300w, https:\/\/diarioregionaldigital.com.br\/wp-content\/uploads\/2019\/05\/fotos-2-e1558476316683-768x577.jpg 768w, https:\/\/diarioregionaldigital.com.br\/wp-content\/uploads\/2019\/05\/fotos-2-e1558476316683-1024x770.jpg 1024w, https:\/\/diarioregionaldigital.com.br\/wp-content\/uploads\/2019\/05\/fotos-2-e1558476316683-360x271.jpg 360w\" sizes=\"auto, (max-width: 680px) 100vw, 680px\" \/><p id=\"caption-attachment-140562\" class=\"wp-caption-text\">Gustavo Cruz e Marc\u00edlio Gomes<\/p><\/div>\n<div id=\"attachment_140563\" style=\"width: 690px\" class=\"wp-caption aligncenter\"><img loading=\"lazy\" decoding=\"async\" aria-describedby=\"caption-attachment-140563\" class=\"wp-image-140563\" src=\"https:\/\/diarioregionaldigital.com.br\/wp-content\/uploads\/2019\/05\/fotot-1-e1558476335651.jpg\" alt=\"\" width=\"680\" height=\"527\" \/><p id=\"caption-attachment-140563\" class=\"wp-caption-text\">Gilberto Rodrigues e \u00c1urea Almeida<\/p><\/div>\n<div id=\"attachment_140564\" style=\"width: 690px\" class=\"wp-caption aligncenter\"><img loading=\"lazy\" decoding=\"async\" aria-describedby=\"caption-attachment-140564\" class=\"wp-image-140564\" src=\"https:\/\/diarioregionaldigital.com.br\/wp-content\/uploads\/2019\/05\/fotou-1-e1558476352417.jpg\" alt=\"\" width=\"680\" height=\"510\" srcset=\"https:\/\/diarioregionaldigital.com.br\/wp-content\/uploads\/2019\/05\/fotou-1-e1558476352417.jpg 922w, https:\/\/diarioregionaldigital.com.br\/wp-content\/uploads\/2019\/05\/fotou-1-e1558476352417-300x225.jpg 300w, https:\/\/diarioregionaldigital.com.br\/wp-content\/uploads\/2019\/05\/fotou-1-e1558476352417-768x576.jpg 768w, https:\/\/diarioregionaldigital.com.br\/wp-content\/uploads\/2019\/05\/fotou-1-e1558476352417-360x270.jpg 360w\" sizes=\"auto, (max-width: 680px) 100vw, 680px\" \/><p id=\"caption-attachment-140564\" class=\"wp-caption-text\">Os irm\u00e3os colunistas Eduardo e Marc\u00edlio Gomes<\/p><\/div>\n<div id=\"attachment_140565\" style=\"width: 690px\" class=\"wp-caption aligncenter\"><img loading=\"lazy\" decoding=\"async\" aria-describedby=\"caption-attachment-140565\" class=\"wp-image-140565\" src=\"https:\/\/diarioregionaldigital.com.br\/wp-content\/uploads\/2019\/05\/fotov-1-e1558476375708.jpg\" alt=\"\" width=\"680\" height=\"545\" \/><p id=\"caption-attachment-140565\" class=\"wp-caption-text\">Oderio Gomes e Virginia Silva<\/p><\/div>\n<div id=\"attachment_140566\" style=\"width: 690px\" class=\"wp-caption aligncenter\"><img loading=\"lazy\" decoding=\"async\" aria-describedby=\"caption-attachment-140566\" class=\"wp-image-140566\" src=\"https:\/\/diarioregionaldigital.com.br\/wp-content\/uploads\/2019\/05\/fotox.jpg\" alt=\"\" width=\"680\" height=\"454\" srcset=\"https:\/\/diarioregionaldigital.com.br\/wp-content\/uploads\/2019\/05\/fotox.jpg 550w, https:\/\/diarioregionaldigital.com.br\/wp-content\/uploads\/2019\/05\/fotox-300x200.jpg 300w, https:\/\/diarioregionaldigital.com.br\/wp-content\/uploads\/2019\/05\/fotox-360x240.jpg 360w\" sizes=\"auto, (max-width: 680px) 100vw, 680px\" \/><p id=\"caption-attachment-140566\" class=\"wp-caption-text\">Vanessa Ferrugini, Marc\u00edlio Gomes e Helenise Machado<\/p><\/div>\n<p><img loading=\"lazy\" decoding=\"async\" class=\"aligncenter size-full wp-image-140586\" src=\"https:\/\/diarioregionaldigital.com.br\/wp-content\/uploads\/2019\/05\/arte-coluna-social.png\" alt=\"\" width=\"3508\" height=\"709\" srcset=\"https:\/\/diarioregionaldigital.com.br\/wp-content\/uploads\/2019\/05\/arte-coluna-social.png 3508w, https:\/\/diarioregionaldigital.com.br\/wp-content\/uploads\/2019\/05\/arte-coluna-social-300x61.png 300w, https:\/\/diarioregionaldigital.com.br\/wp-content\/uploads\/2019\/05\/arte-coluna-social-768x155.png 768w, https:\/\/diarioregionaldigital.com.br\/wp-content\/uploads\/2019\/05\/arte-coluna-social-1024x207.png 1024w, https:\/\/diarioregionaldigital.com.br\/wp-content\/uploads\/2019\/05\/arte-coluna-social-360x73.png 360w\" sizes=\"auto, (max-width: 3508px) 100vw, 3508px\" \/><\/p>\n","protected":false},"excerpt":{"rendered":"<p>Anivers\u00e1rio Show Uma noite iluminada foi orquestrada na Est\u00e2ncia Dom Vi\u00e7oso para a comemora\u00e7\u00e3o do anivers\u00e1rio do colunista virtual Marc\u00edlio Gomes. A arte e o engenho de Francele Galil Singularidades mostrou requinte na mesa de acepipes \u00e1rabes. Na mesa central, bolo delicioso de Carmem Salgados Finos, doces requintados do Atelier Maria Pipoca e Regina Monteiro [&hellip;]<\/p>\n","protected":false},"author":96,"featured_media":140545,"comment_status":"closed","ping_status":"closed","sticky":false,"template":"","format":"standard","meta":{"footnotes":""},"categories":[264],"tags":[],"class_list":["post-140582","post","type-post","status-publish","format-standard","has-post-thumbnail","hentry","category-eduardo-gomes"],"_links":{"self":[{"href":"https:\/\/diarioregionaldigital.com.br\/index.php?rest_route=\/wp\/v2\/posts\/140582","targetHints":{"allow":["GET"]}}],"collection":[{"href":"https:\/\/diarioregionaldigital.com.br\/index.php?rest_route=\/wp\/v2\/posts"}],"about":[{"href":"https:\/\/diarioregionaldigital.com.br\/index.php?rest_route=\/wp\/v2\/types\/post"}],"author":[{"embeddable":true,"href":"https:\/\/diarioregionaldigital.com.br\/index.php?rest_route=\/wp\/v2\/users\/96"}],"replies":[{"embeddable":true,"href":"https:\/\/diarioregionaldigital.com.br\/index.php?rest_route=%2Fwp%2Fv2%2Fcomments&post=140582"}],"version-history":[{"count":0,"href":"https:\/\/diarioregionaldigital.com.br\/index.php?rest_route=\/wp\/v2\/posts\/140582\/revisions"}],"wp:featuredmedia":[{"embeddable":true,"href":"https:\/\/diarioregionaldigital.com.br\/index.php?rest_route=\/wp\/v2\/media\/140545"}],"wp:attachment":[{"href":"https:\/\/diarioregionaldigital.com.br\/index.php?rest_route=%2Fwp%2Fv2%2Fmedia&parent=140582"}],"wp:term":[{"taxonomy":"category","embeddable":true,"href":"https:\/\/diarioregionaldigital.com.br\/index.php?rest_route=%2Fwp%2Fv2%2Fcategories&post=140582"},{"taxonomy":"post_tag","embeddable":true,"href":"https:\/\/diarioregionaldigital.com.br\/index.php?rest_route=%2Fwp%2Fv2%2Ftags&post=140582"}],"curies":[{"name":"wp","href":"https:\/\/api.w.org\/{rel}","templated":true}]}}