{"id":140576,"date":"2019-05-21T18:09:16","date_gmt":"2019-05-21T21:09:16","guid":{"rendered":"https:\/\/diarioregionaldigital.com.br\/?p=140576"},"modified":"2019-05-21T18:09:16","modified_gmt":"2019-05-21T21:09:16","slug":"caixa-comeca-a-chamar-candidatos-aprovados-no-concurso-de-2014","status":"publish","type":"post","link":"https:\/\/diarioregionaldigital.com.br\/?p=140576","title":{"rendered":"Caixa come\u00e7a a chamar candidatos aprovados no concurso de 2014"},"content":{"rendered":"<p>Os candidatos aprovados no concurso da Caixa realizado em 2014 come\u00e7am a ser chamados a partir do dia 3 de junho deste ano. De acordo com o banco, a convoca\u00e7\u00e3o ser\u00e1 feita conforme a necessidade e estrat\u00e9gia da institui\u00e7\u00e3o financeira.<\/p>\n<p>O presidente da Caixa, Pedro Guimar\u00e3es, disse que as contrata\u00e7\u00f5es t\u00eam por objetivo o fortalecimento da rede de ag\u00eancias, valorizando o atendimento aos clientes.<\/p>\n<div class=\"dnd-widget-wrapper context-cheio_8colunas type-image\">\n<div class=\"dnd-atom-rendered\">\n<p>\u201c\u00c9 importante focar em colocar as pessoas na rede, que \u00e9 o principal contato da Caixa com os mais de 93 milh\u00f5es de clientes que temos\u201d.<\/p>\n<p><strong>PDV<\/strong><\/p>\n<p>Nessa segunda-feira (20), o banco colocou em execu\u00e7\u00e3o o Programa de Desligamento de Empregado. O prazo para ades\u00e3o dos funcion\u00e1rios interessados \u00e9 at\u00e9 7 de junho.<\/p>\n<\/div>\n<\/div>\n<p>Fonte: Ag\u00eancia Brasil<\/p>\n","protected":false},"excerpt":{"rendered":"<p>Os candidatos aprovados no concurso da Caixa realizado em 2014 come\u00e7am a ser chamados a partir do dia 3 de junho deste ano. De acordo com o banco, a convoca\u00e7\u00e3o ser\u00e1 feita conforme a necessidade e estrat\u00e9gia da institui\u00e7\u00e3o financeira. O presidente da Caixa, Pedro Guimar\u00e3es, disse que as contrata\u00e7\u00f5es t\u00eam por objetivo o fortalecimento [&hellip;]<\/p>\n","protected":false},"author":96,"featured_media":140579,"comment_status":"closed","ping_status":"closed","sticky":false,"template":"","format":"standard","meta":{"footnotes":""},"categories":[436,261,439],"tags":[],"class_list":["post-140576","post","type-post","status-publish","format-standard","has-post-thumbnail","hentry","category-destaque-da-semana","category-economia","category-ultima-hora"],"_links":{"self":[{"href":"https:\/\/diarioregionaldigital.com.br\/index.php?rest_route=\/wp\/v2\/posts\/140576","targetHints":{"allow":["GET"]}}],"collection":[{"href":"https:\/\/diarioregionaldigital.com.br\/index.php?rest_route=\/wp\/v2\/posts"}],"about":[{"href":"https:\/\/diarioregionaldigital.com.br\/index.php?rest_route=\/wp\/v2\/types\/post"}],"author":[{"embeddable":true,"href":"https:\/\/diarioregionaldigital.com.br\/index.php?rest_route=\/wp\/v2\/users\/96"}],"replies":[{"embeddable":true,"href":"https:\/\/diarioregionaldigital.com.br\/index.php?rest_route=%2Fwp%2Fv2%2Fcomments&post=140576"}],"version-history":[{"count":0,"href":"https:\/\/diarioregionaldigital.com.br\/index.php?rest_route=\/wp\/v2\/posts\/140576\/revisions"}],"wp:featuredmedia":[{"embeddable":true,"href":"https:\/\/diarioregionaldigital.com.br\/index.php?rest_route=\/wp\/v2\/media\/140579"}],"wp:attachment":[{"href":"https:\/\/diarioregionaldigital.com.br\/index.php?rest_route=%2Fwp%2Fv2%2Fmedia&parent=140576"}],"wp:term":[{"taxonomy":"category","embeddable":true,"href":"https:\/\/diarioregionaldigital.com.br\/index.php?rest_route=%2Fwp%2Fv2%2Fcategories&post=140576"},{"taxonomy":"post_tag","embeddable":true,"href":"https:\/\/diarioregionaldigital.com.br\/index.php?rest_route=%2Fwp%2Fv2%2Ftags&post=140576"}],"curies":[{"name":"wp","href":"https:\/\/api.w.org\/{rel}","templated":true}]}}