{"id":140575,"date":"2019-05-21T18:07:59","date_gmt":"2019-05-21T21:07:59","guid":{"rendered":"https:\/\/diarioregionaldigital.com.br\/?p=140575"},"modified":"2019-05-21T18:07:59","modified_gmt":"2019-05-21T21:07:59","slug":"brasil-e-china-chegam-a-acordo-sobre-contencioso-do-acucar","status":"publish","type":"post","link":"https:\/\/diarioregionaldigital.com.br\/?p=140575","title":{"rendered":"Brasil e China chegam a acordo sobre contencioso do a\u00e7\u00facar"},"content":{"rendered":"<p>O Brasil e a China chegaram a um entendimento nas consultas sobre as salvaguardas do a\u00e7\u00facar iniciadas na Organiza\u00e7\u00e3o Mundial do Com\u00e9rcio (OMC). O Brasil estava questionando na OMC a aplica\u00e7\u00e3o pelo pa\u00eds asi\u00e1tico de sobretaxas \u00e0s importa\u00e7\u00f5es de a\u00e7\u00facar.<\/p>\n<p>O governo brasileiro tamb\u00e9m questionava a administra\u00e7\u00e3o da quota de tarifas mantida pela China para a compra de a\u00e7\u00facar e o sistema de licenciamento autom\u00e1tico para as importa\u00e7\u00f5es que excedessem a quota.<\/p>\n<p>Em nota conjunta, os minist\u00e9rios da Agricultura e das Rela\u00e7\u00f5es Exteriores n\u00e3o explicaram os detalhes do acordo. O comunicado informou apenas que o entendimento entre os dois pa\u00edses foram alcan\u00e7ados sem a necessidade de abertura de um painel (esp\u00e9cie de julgamento) na OMC.<\/p>\n<p>\u201cNos termos do entendimento alcan\u00e7ado, as preocupa\u00e7\u00f5es que embasaram o pedido de consultas brasileiro dever\u00e3o ser atendidas, de modo mutuamente satisfat\u00f3rio, sem a necessidade do estabelecimento de um painel na OMC para examinar a mat\u00e9ria\u201d, informou o texto.<\/p>\n<p>Emitido durante a visita do vice-presidente, Hamilton Mour\u00e3o, \u00e0 China, o comunicado destacou o empenho dos dois pa\u00edses em chegar a um acordo. \u201cO Brasil v\u00ea positivamente o resultado alcan\u00e7ado, que reflete o engajamento e a disposi\u00e7\u00e3o construtiva de ambas as partes para alcan\u00e7ar uma solu\u00e7\u00e3o para a disputa\u201d, acrescentou a nota.<\/p>\n<p>Desde domingo (19), o vice-presidente est\u00e1 na China para uma visita de seis dias. O pa\u00eds asi\u00e1tico \u00e9 atualmente o principal parceiro comercial do Brasil, concentrando 26,82% das exporta\u00e7\u00f5es brasileiras de janeiro a abril.<\/p>\n<p>Fonte: Ag\u00eancia Brasil<\/p>\n","protected":false},"excerpt":{"rendered":"<p>O Brasil e a China chegaram a um entendimento nas consultas sobre as salvaguardas do a\u00e7\u00facar iniciadas na Organiza\u00e7\u00e3o Mundial do Com\u00e9rcio (OMC). O Brasil estava questionando na OMC a aplica\u00e7\u00e3o pelo pa\u00eds asi\u00e1tico de sobretaxas \u00e0s importa\u00e7\u00f5es de a\u00e7\u00facar. O governo brasileiro tamb\u00e9m questionava a administra\u00e7\u00e3o da quota de tarifas mantida pela China para [&hellip;]<\/p>\n","protected":false},"author":96,"featured_media":140577,"comment_status":"closed","ping_status":"closed","sticky":false,"template":"","format":"standard","meta":{"footnotes":""},"categories":[302,436,439],"tags":[],"class_list":["post-140575","post","type-post","status-publish","format-standard","has-post-thumbnail","hentry","category-brasil-mundo","category-destaque-da-semana","category-ultima-hora"],"_links":{"self":[{"href":"https:\/\/diarioregionaldigital.com.br\/index.php?rest_route=\/wp\/v2\/posts\/140575","targetHints":{"allow":["GET"]}}],"collection":[{"href":"https:\/\/diarioregionaldigital.com.br\/index.php?rest_route=\/wp\/v2\/posts"}],"about":[{"href":"https:\/\/diarioregionaldigital.com.br\/index.php?rest_route=\/wp\/v2\/types\/post"}],"author":[{"embeddable":true,"href":"https:\/\/diarioregionaldigital.com.br\/index.php?rest_route=\/wp\/v2\/users\/96"}],"replies":[{"embeddable":true,"href":"https:\/\/diarioregionaldigital.com.br\/index.php?rest_route=%2Fwp%2Fv2%2Fcomments&post=140575"}],"version-history":[{"count":0,"href":"https:\/\/diarioregionaldigital.com.br\/index.php?rest_route=\/wp\/v2\/posts\/140575\/revisions"}],"wp:featuredmedia":[{"embeddable":true,"href":"https:\/\/diarioregionaldigital.com.br\/index.php?rest_route=\/wp\/v2\/media\/140577"}],"wp:attachment":[{"href":"https:\/\/diarioregionaldigital.com.br\/index.php?rest_route=%2Fwp%2Fv2%2Fmedia&parent=140575"}],"wp:term":[{"taxonomy":"category","embeddable":true,"href":"https:\/\/diarioregionaldigital.com.br\/index.php?rest_route=%2Fwp%2Fv2%2Fcategories&post=140575"},{"taxonomy":"post_tag","embeddable":true,"href":"https:\/\/diarioregionaldigital.com.br\/index.php?rest_route=%2Fwp%2Fv2%2Ftags&post=140575"}],"curies":[{"name":"wp","href":"https:\/\/api.w.org\/{rel}","templated":true}]}}