{"id":140544,"date":"2019-05-21T17:59:17","date_gmt":"2019-05-21T20:59:17","guid":{"rendered":"https:\/\/diarioregionaldigital.com.br\/?p=140544"},"modified":"2019-05-21T17:59:17","modified_gmt":"2019-05-21T20:59:17","slug":"reajuste-nas-tarifas-de-clientes-da-cemig-comeca-a-valer-a-partir-da-proxima-semana","status":"publish","type":"post","link":"https:\/\/diarioregionaldigital.com.br\/?p=140544","title":{"rendered":"Reajuste nas tarifas de clientes da Cemig come\u00e7a a valer a partir da pr\u00f3xima semana"},"content":{"rendered":"<p>A partir da pr\u00f3xima ter\u00e7a-feira, 28 de maio, come\u00e7a a valer o reajuste nas tarifas de energia el\u00e9trica dos clientes residenciais da Cemig Distribui\u00e7\u00e3o. O reajuste de 6,93% para consumidores foi aprovado pela Ag\u00eancia Nacional de Energia El\u00e9trica (Aneel). Conforme a Cemig, a empresa atende diretamente a mais de 8,4 milh\u00f5es de clientes e o processo de reajuste trata apenas da empresa de distribui\u00e7\u00e3o, e, portanto, n\u00e3o engloba as usinas, linhas e subesta\u00e7\u00f5es de transmiss\u00e3o ou outras atividades do Grupo Cemig.<\/p>\n<p>A decis\u00e3o de reajuste para os consumidores da Cemig aconteceu nessa ter\u00e7a-feira, 21, durante reuni\u00e3o da diretoria. Segundo a empresa, do valor cobrado na tarifa, apenas 22% ficam na Cemig Distribui\u00e7\u00e3o e s\u00e3odestinados a remunerar o investimento, cobrir a deprecia\u00e7\u00e3o dos ativos e outros custos da empresa. Os demais 78% s\u00e3o utilizados para cobrir encargos setoriais (13%), tributos (30%), energia comprada (29%) e encargos de transmiss\u00e3o (6%). Conforme estabelece a legisla\u00e7\u00e3o do setor el\u00e9trico, a defini\u00e7\u00e3o das tarifas das distribuidoras, bem como os processos de reajustes tarif\u00e1rios anuais e revis\u00f5es tarif\u00e1rias, s\u00e3o gerenciados pelo \u00f3rg\u00e3o regulador do sistema el\u00e9trico e previstos nos contratos de distribui\u00e7\u00e3o.<\/p>\n<p>&nbsp;<\/p>\n<p><strong>Escassez de chuvas influenciou decis\u00e3o<\/strong><\/p>\n<p>Ainda de acordo com a Cemig, o que mais influenciou a decis\u00e3o da Aneel para esse aumento foi a escassez de chuvas no \u00faltimo ano, quando as usinas termel\u00e9tricas, que s\u00e3o mais caras para produzir energia, foram acionadas constantemente em quase todo o segundo semestre. De acordo com o gerente de Tarifas da Cemig, Giordano Bruno Braz de Pinho Matos, a empresa teve uma despesa adicional de R$ 1,5 bilh\u00e3o para comprar energia at\u00e9 fevereiro deste ano, para garantir o fornecimento aos clientes mineiros. \u201cApesar do alto custo de produ\u00e7\u00e3o de energia, as usinas termel\u00e9tricas s\u00e3o essenciais para garantir o fornecimento dos consumidores em per\u00edodos de escassez de chuva, que t\u00eam predominado no Brasil nos \u00faltimos anos\u201d, acrescenta.<\/p>\n<p>Conforme o gerente, o consumidor vai perceber o reajuste total a partir da fatura de junho e que possuem vencimento em julho. \u201cAs datas de leitura das contas de energia s\u00e3o distribu\u00eddas ao longo do m\u00eas. Assim, em junho, os consumidores pagar\u00e3o uma parte do consumo ocorrido antes de 28 de maio, ainda conforme a tarifa antiga, e a outra parcela do consumo j\u00e1 com o reajuste da tarifa\u201d, explicou.<\/p>\n<p>&nbsp;<\/p>\n<p><strong>Investimentos na rede de distribui\u00e7\u00e3o em 2019<\/strong><\/p>\n<p>Segundo a empresa, foram investidos R$ 167,5 milh\u00f5es no sistema el\u00e9trico mineiro somente nos tr\u00eas primeiros meses de 2019, conforme informa\u00e7\u00f5es do balan\u00e7o da companhia, divulgado recentemente. At\u00e9 o fim do ano, a previs\u00e3o da companhia \u00e9 de que os recursos para melhoria da rede el\u00e9trica na \u00e1rea de concess\u00e3o superem R$ 1 bilh\u00e3o, o que reflete na qualidade e na seguran\u00e7a do servi\u00e7o prestado.<\/p>\n<p>&nbsp;<\/p>\n","protected":false},"excerpt":{"rendered":"<p>A partir da pr\u00f3xima ter\u00e7a-feira, 28 de maio, come\u00e7a a valer o reajuste nas tarifas de energia el\u00e9trica dos clientes residenciais da Cemig Distribui\u00e7\u00e3o. O reajuste de 6,93% para consumidores foi aprovado pela Ag\u00eancia Nacional de Energia El\u00e9trica (Aneel). Conforme a Cemig, a empresa atende diretamente a mais de 8,4 milh\u00f5es de clientes e o [&hellip;]<\/p>\n","protected":false},"author":96,"featured_media":140567,"comment_status":"closed","ping_status":"closed","sticky":false,"template":"","format":"standard","meta":{"footnotes":""},"categories":[253,436,440,439],"tags":[],"class_list":["post-140544","post","type-post","status-publish","format-standard","has-post-thumbnail","hentry","category-cidade","category-destaque-da-semana","category-destaques-do-dia","category-ultima-hora"],"_links":{"self":[{"href":"https:\/\/diarioregionaldigital.com.br\/index.php?rest_route=\/wp\/v2\/posts\/140544","targetHints":{"allow":["GET"]}}],"collection":[{"href":"https:\/\/diarioregionaldigital.com.br\/index.php?rest_route=\/wp\/v2\/posts"}],"about":[{"href":"https:\/\/diarioregionaldigital.com.br\/index.php?rest_route=\/wp\/v2\/types\/post"}],"author":[{"embeddable":true,"href":"https:\/\/diarioregionaldigital.com.br\/index.php?rest_route=\/wp\/v2\/users\/96"}],"replies":[{"embeddable":true,"href":"https:\/\/diarioregionaldigital.com.br\/index.php?rest_route=%2Fwp%2Fv2%2Fcomments&post=140544"}],"version-history":[{"count":0,"href":"https:\/\/diarioregionaldigital.com.br\/index.php?rest_route=\/wp\/v2\/posts\/140544\/revisions"}],"wp:featuredmedia":[{"embeddable":true,"href":"https:\/\/diarioregionaldigital.com.br\/index.php?rest_route=\/wp\/v2\/media\/140567"}],"wp:attachment":[{"href":"https:\/\/diarioregionaldigital.com.br\/index.php?rest_route=%2Fwp%2Fv2%2Fmedia&parent=140544"}],"wp:term":[{"taxonomy":"category","embeddable":true,"href":"https:\/\/diarioregionaldigital.com.br\/index.php?rest_route=%2Fwp%2Fv2%2Fcategories&post=140544"},{"taxonomy":"post_tag","embeddable":true,"href":"https:\/\/diarioregionaldigital.com.br\/index.php?rest_route=%2Fwp%2Fv2%2Ftags&post=140544"}],"curies":[{"name":"wp","href":"https:\/\/api.w.org\/{rel}","templated":true}]}}