{"id":140539,"date":"2019-05-21T15:40:43","date_gmt":"2019-05-21T18:40:43","guid":{"rendered":"https:\/\/diarioregionaldigital.com.br\/?p=140539"},"modified":"2019-05-21T15:40:43","modified_gmt":"2019-05-21T18:40:43","slug":"settra-interdita-vias-para-procissao-de-santa-rita-de-cassia","status":"publish","type":"post","link":"https:\/\/diarioregionaldigital.com.br\/?p=140539","title":{"rendered":"Settra interdita vias para prociss\u00e3o de Santa Rita de C\u00e1ssia"},"content":{"rendered":"<p>Nesta quarta-feira, 22, a Secretaria de Transporte e Tr\u00e2nsito (Settra) da Prefeitura de Juiz de Fora (PJF) interditar\u00e1 parcialmente algumas ruas da regi\u00e3o leste, para a prociss\u00e3o de Santa Rita de C\u00e1ssia, a partir das 19 horas.<\/p>\n<p>As interdi\u00e7\u00f5es v\u00e3o ser feitas nas ruas Bar\u00e3o do Retiro (par\u00f3quia Santa Rita), Danilo Breviglieri, Am\u00e9rico Lobo e Alvino Ferreira Toledo, retornando \u00e0 Rua Bar\u00e3o do Retiro, at\u00e9 a par\u00f3quia.<\/p>\n<p><strong>Waze<\/strong><\/p>\n<p>Interven\u00e7\u00f5es, desvios e interdi\u00e7\u00f5es, agora, podem ser consultadas tamb\u00e9m atrav\u00e9s da plataforma\u00a0<a href=\"https:\/\/www.waze.com\/pt-BR\/livemap\">&#8220;Waze&#8221;<\/a>\u00a0.<\/p>\n","protected":false},"excerpt":{"rendered":"<p>Nesta quarta-feira, 22, a Secretaria de Transporte e Tr\u00e2nsito (Settra) da Prefeitura de Juiz de Fora (PJF) interditar\u00e1 parcialmente algumas ruas da regi\u00e3o leste, para a prociss\u00e3o de Santa Rita de C\u00e1ssia, a partir das 19 horas. As interdi\u00e7\u00f5es v\u00e3o ser feitas nas ruas Bar\u00e3o do Retiro (par\u00f3quia Santa Rita), Danilo Breviglieri, Am\u00e9rico Lobo e [&hellip;]<\/p>\n","protected":false},"author":96,"featured_media":140541,"comment_status":"closed","ping_status":"closed","sticky":false,"template":"","format":"standard","meta":{"footnotes":""},"categories":[253,436,440,439],"tags":[],"class_list":["post-140539","post","type-post","status-publish","format-standard","has-post-thumbnail","hentry","category-cidade","category-destaque-da-semana","category-destaques-do-dia","category-ultima-hora"],"_links":{"self":[{"href":"https:\/\/diarioregionaldigital.com.br\/index.php?rest_route=\/wp\/v2\/posts\/140539","targetHints":{"allow":["GET"]}}],"collection":[{"href":"https:\/\/diarioregionaldigital.com.br\/index.php?rest_route=\/wp\/v2\/posts"}],"about":[{"href":"https:\/\/diarioregionaldigital.com.br\/index.php?rest_route=\/wp\/v2\/types\/post"}],"author":[{"embeddable":true,"href":"https:\/\/diarioregionaldigital.com.br\/index.php?rest_route=\/wp\/v2\/users\/96"}],"replies":[{"embeddable":true,"href":"https:\/\/diarioregionaldigital.com.br\/index.php?rest_route=%2Fwp%2Fv2%2Fcomments&post=140539"}],"version-history":[{"count":0,"href":"https:\/\/diarioregionaldigital.com.br\/index.php?rest_route=\/wp\/v2\/posts\/140539\/revisions"}],"wp:featuredmedia":[{"embeddable":true,"href":"https:\/\/diarioregionaldigital.com.br\/index.php?rest_route=\/wp\/v2\/media\/140541"}],"wp:attachment":[{"href":"https:\/\/diarioregionaldigital.com.br\/index.php?rest_route=%2Fwp%2Fv2%2Fmedia&parent=140539"}],"wp:term":[{"taxonomy":"category","embeddable":true,"href":"https:\/\/diarioregionaldigital.com.br\/index.php?rest_route=%2Fwp%2Fv2%2Fcategories&post=140539"},{"taxonomy":"post_tag","embeddable":true,"href":"https:\/\/diarioregionaldigital.com.br\/index.php?rest_route=%2Fwp%2Fv2%2Ftags&post=140539"}],"curies":[{"name":"wp","href":"https:\/\/api.w.org\/{rel}","templated":true}]}}