{"id":140494,"date":"2019-05-20T18:26:24","date_gmt":"2019-05-20T21:26:24","guid":{"rendered":"https:\/\/diarioregionaldigital.com.br\/?p=140494"},"modified":"2019-05-20T18:26:24","modified_gmt":"2019-05-20T21:26:24","slug":"enem-2019-registra-654-mil-inscritos-em-minas-gerais","status":"publish","type":"post","link":"https:\/\/diarioregionaldigital.com.br\/?p=140494","title":{"rendered":"Enem 2019 registra 654 mil inscritos em Minas Gerais"},"content":{"rendered":"<p>O Exame Nacional do Ensino M\u00e9dio (Enem) 2019 registrou\u00a0654.885 inscritos em Minas Gerais, conforme dados divulgados pelo Instituto Nacional de Estudos e Pesquisas Educacionais An\u00edsio Teixeira (Inep). Os participantes t\u00eam at\u00e9 o dia 23 de maio, quinta-feira, para pagar a taxa, no valor de R$ 85. As provas do Enem 2019 ser\u00e3o aplicadas nos dias 3 e 10 de novembro. O prazo para pedidos de\u00a0atendimento por nome social come\u00e7a no dia 20 e termina no dia\u00a024 de maio.<\/p>\n<p>Conforme oInep, com base em um balan\u00e7o preliminar at\u00e9 o in\u00edcio da tarde dessa segunda-feira, 20,um total de\u00a0284.665 candidatos mineiros ainda precisam efetuar o pagamento da taxa para confirmar participa\u00e7\u00e3o no exame. O pagamento deve ser realizado por meio de GRU Cobran\u00e7a e poder\u00e1 ser feito em qualquer banco, casa lot\u00e9rica ou ag\u00eancia dos Correios.<\/p>\n<p>Ainda de acordo com o Inep, aqueles que tiveram direito \u00e0 isen\u00e7\u00e3o do pagamento da taxa e conclu\u00edram a inscri\u00e7\u00e3o no prazo j\u00e1 tem sua participa\u00e7\u00e3o garantida no exame. No Brasil, foram 6.384.957 de inscritos para a edi\u00e7\u00e3o de 2019. O n\u00famero final de participantes confirmados ser\u00e1 divulgado no pr\u00f3ximo dia 28. Em 21 edi\u00e7\u00f5es, o exame recebeu quase 100 milh\u00f5es de inscri\u00e7\u00f5es.<\/p>\n<p>&nbsp;<\/p>\n<p><strong>MAIS DETALHES<\/strong><\/p>\n<p>Os candidatos que j\u00e1 conclu\u00edram o ensino m\u00e9dio ou v\u00e3o concluir ainda este ano podem usar as notas do Enem para se inscrever em programas de acesso \u00e0 educa\u00e7\u00e3o superior, de bolsas de estudo ou de financiamento estudantil. Estudantes que v\u00e3o concluir o ensino m\u00e9dio depois de 2019 tamb\u00e9m podem realizar o exame, mas neste caso,os resultados servem somente para autoavalia\u00e7\u00e3o, sem possibilidade de o estudante concorrer efetivamente \u00e0s vagas na educa\u00e7\u00e3o superior ou para bolsas de estudo. Esses participantes devem declarar\u00a0ter\u00a0ci\u00eancia disso j\u00e1 no ato da inscri\u00e7\u00e3o.<\/p>\n<p>A partir de outubro, o Inep vai disponibilizar o cart\u00e3o de confirma\u00e7\u00e3o. O documento informa o n\u00famero de inscri\u00e7\u00e3o e as datas, os hor\u00e1rios e o local das provas. A recomenda\u00e7\u00e3o do minist\u00e9rio \u00e9 que o candidato leve o documento nos dois dias de prova.<\/p>\n<p>&nbsp;<\/p>\n<p><strong>PROVAS<\/strong><\/p>\n<p>O exame \u00e9 aplicado em dois domingos e tem quatro provas objetivas, com 180 quest\u00f5es, al\u00e9m de uma reda\u00e7\u00e3o. No primeiro dia de prova, os participantes v\u00e3o responder quest\u00f5es de linguagens e ci\u00eancias humanas e far\u00e3o a prova de reda\u00e7\u00e3o, dentro das 5 horas e 30 minutos de prova.No segundo dia, os estudantes v\u00e3o ter 5 horas para resolver as provas de ci\u00eancias da natureza e matem\u00e1tica. Os gabaritos das provas objetivas ser\u00e3o divulgados no Portal do Inep e no aplicativo oficial do Enem at\u00e9 o dia 13 de novembro. A data em que o resultado do exame estar\u00e1 dispon\u00edvel ser\u00e1 divulgada posteriormente.<\/p>\n<p>Os candidatos podem usar as notas do Enem para ingressar em institui\u00e7\u00e3o p\u00fablica pelo Sistema de Sele\u00e7\u00e3o Unificada (Sisu), para obter bolsas de estudo em institui\u00e7\u00f5es particulares de ensino superior pelo Programa Universidade para Todos (ProUni) e para obter financiamento pelo Fundo de Financiamento Estudantil (Fies).<\/p>\n","protected":false},"excerpt":{"rendered":"<p>O Exame Nacional do Ensino M\u00e9dio (Enem) 2019 registrou\u00a0654.885 inscritos em Minas Gerais, conforme dados divulgados pelo Instituto Nacional de Estudos e Pesquisas Educacionais An\u00edsio Teixeira (Inep). Os participantes t\u00eam at\u00e9 o dia 23 de maio, quinta-feira, para pagar a taxa, no valor de R$ 85. As provas do Enem 2019 ser\u00e3o aplicadas nos dias [&hellip;]<\/p>\n","protected":false},"author":96,"featured_media":140495,"comment_status":"closed","ping_status":"closed","sticky":false,"template":"","format":"standard","meta":{"footnotes":""},"categories":[302,436,440,439],"tags":[],"class_list":["post-140494","post","type-post","status-publish","format-standard","has-post-thumbnail","hentry","category-brasil-mundo","category-destaque-da-semana","category-destaques-do-dia","category-ultima-hora"],"_links":{"self":[{"href":"https:\/\/diarioregionaldigital.com.br\/index.php?rest_route=\/wp\/v2\/posts\/140494","targetHints":{"allow":["GET"]}}],"collection":[{"href":"https:\/\/diarioregionaldigital.com.br\/index.php?rest_route=\/wp\/v2\/posts"}],"about":[{"href":"https:\/\/diarioregionaldigital.com.br\/index.php?rest_route=\/wp\/v2\/types\/post"}],"author":[{"embeddable":true,"href":"https:\/\/diarioregionaldigital.com.br\/index.php?rest_route=\/wp\/v2\/users\/96"}],"replies":[{"embeddable":true,"href":"https:\/\/diarioregionaldigital.com.br\/index.php?rest_route=%2Fwp%2Fv2%2Fcomments&post=140494"}],"version-history":[{"count":0,"href":"https:\/\/diarioregionaldigital.com.br\/index.php?rest_route=\/wp\/v2\/posts\/140494\/revisions"}],"wp:featuredmedia":[{"embeddable":true,"href":"https:\/\/diarioregionaldigital.com.br\/index.php?rest_route=\/wp\/v2\/media\/140495"}],"wp:attachment":[{"href":"https:\/\/diarioregionaldigital.com.br\/index.php?rest_route=%2Fwp%2Fv2%2Fmedia&parent=140494"}],"wp:term":[{"taxonomy":"category","embeddable":true,"href":"https:\/\/diarioregionaldigital.com.br\/index.php?rest_route=%2Fwp%2Fv2%2Fcategories&post=140494"},{"taxonomy":"post_tag","embeddable":true,"href":"https:\/\/diarioregionaldigital.com.br\/index.php?rest_route=%2Fwp%2Fv2%2Ftags&post=140494"}],"curies":[{"name":"wp","href":"https:\/\/api.w.org\/{rel}","templated":true}]}}