{"id":140471,"date":"2019-05-20T16:29:07","date_gmt":"2019-05-20T19:29:07","guid":{"rendered":"https:\/\/diarioregionaldigital.com.br\/?p=140471"},"modified":"2019-05-20T16:29:07","modified_gmt":"2019-05-20T19:29:07","slug":"settra-realiza-acao-para-conscientizar-a-populacao-sobre-educacao-no-transito-e-respeito-a-vagas-exclusivas","status":"publish","type":"post","link":"https:\/\/diarioregionaldigital.com.br\/?p=140471","title":{"rendered":"Settra realiza a\u00e7\u00e3o para conscientizar a popula\u00e7\u00e3o sobre educa\u00e7\u00e3o no tr\u00e2nsito e respeito a vagas exclusivas"},"content":{"rendered":"<p>&nbsp;<\/p>\n<p>A Secretaria de Transporte e Tr\u00e2nsito (Settra) da Prefeitura de Juiz de Fora (PJF) realizou uma a\u00e7\u00e3o promovendo a conscientiza\u00e7\u00e3o sobre vagas exclusivas de estacionamento nesta segunda-feira, 20, na rua Braz Bernardino, regi\u00e3o central da cidade. Na ocasi\u00e3o, o lado direito da rua foi ocupado por portadores de necessidades especiais em cadeiras de rodas e andadores, al\u00e9m da coloca\u00e7\u00e3o de hidrantes, t\u00e1xis, caminh\u00e3o do Corpo de Bombeiros e \u00f4nibus do Hemominas, representando ambul\u00e2ncias.<\/p>\n<p>A a\u00e7\u00e3o, realizada entre 8 e 12 horas, fez parte da programa\u00e7\u00e3o do \u201cMaio Amarelo\u201d e teve como parceiros a Comiss\u00e3o Municipal de Seguran\u00e7a e Educa\u00e7\u00e3o no Tr\u00e2nsito (Comset) e a Estapar Estacionamento, empresa que administra a \u00e1rea azul na cidade, e tamb\u00e9m contou com a participa\u00e7\u00e3o do Centro de Apoio do Idoso e do Departamento de Defesa dos Direitos da Secretaria de Desenvolvimento Social (SDS), do Hemominas, da organiza\u00e7\u00e3o n\u00e3o-governamental (ONG) Somar Brasil, do Sindicato dos Taxistas e do Corpo de Bombeiros.<\/p>\n<p>\u201cNossa inten\u00e7\u00e3o \u00e9 chamar aten\u00e7\u00e3o dos condutores, ocupando as vagas comuns com as diversas categorias que t\u00eam direito aos espa\u00e7os regulamentados, fazendo o inverso do desrespeito que acontece no dia a dia. \u00c9 alus\u00e3o \u00e0 utiliza\u00e7\u00e3o irregular de \u00e1reas reservadas aos portadores de necessidades especiais, idosos, t\u00e1xis e ambul\u00e2ncias, entre outros. O objetivo \u00e9 conscientizar, mostrando aos motoristas o quanto incomoda quando o local destinado a voc\u00ea \u00e9 ocupado por quem n\u00e3o tem direito\u201d, esclareceu o secret\u00e1rio de Transporte e Tr\u00e2nsito da PJF, Eduardo F\u00e1cio. De acordo com dados da PJF, somente at\u00e9 maio deste ano, mais de 880 multas foram emitidas pela Settra na cidade, por estacionamento irregular em vagas destinadas exclusivamente a pessoas portadoras de necessidades especiais, idosos e t\u00e1xis.<\/p>\n<p>&nbsp;<\/p>\n<p><strong>PENALIDADES<\/strong><\/p>\n<p>Estacionar em vagas reservadas \u00e0s pessoas com defici\u00eancia ou idosos, sem credencial que comprove tal condi\u00e7\u00e3o, \u00e9 considerado infra\u00e7\u00e3o grav\u00edssima pelo C\u00f3digo de Tr\u00e2nsito Brasileiro, rendendo 7 pontos na CNH, multa de R$ 293,47, al\u00e9m da remo\u00e7\u00e3o do ve\u00edculo.<\/p>\n<p><strong>\u00a0<\/strong><\/p>\n<div id=\"attachment_140472\" style=\"width: 557px\" class=\"wp-caption aligncenter\"><img loading=\"lazy\" decoding=\"async\" aria-describedby=\"caption-attachment-140472\" class=\" wp-image-140472\" src=\"https:\/\/diarioregionaldigital.com.br\/wp-content\/uploads\/2019\/05\/2005_9_pjf_amarelo_release_gv_4_162229-300x181.jpg\" alt=\"\" width=\"547\" height=\"330\" srcset=\"https:\/\/diarioregionaldigital.com.br\/wp-content\/uploads\/2019\/05\/2005_9_pjf_amarelo_release_gv_4_162229-300x181.jpg 300w, https:\/\/diarioregionaldigital.com.br\/wp-content\/uploads\/2019\/05\/2005_9_pjf_amarelo_release_gv_4_162229-768x464.jpg 768w, https:\/\/diarioregionaldigital.com.br\/wp-content\/uploads\/2019\/05\/2005_9_pjf_amarelo_release_gv_4_162229-360x218.jpg 360w, https:\/\/diarioregionaldigital.com.br\/wp-content\/uploads\/2019\/05\/2005_9_pjf_amarelo_release_gv_4_162229.jpg 860w\" sizes=\"auto, (max-width: 547px) 100vw, 547px\" \/><p id=\"caption-attachment-140472\" class=\"wp-caption-text\">De acordo com dados da PJF, somente at\u00e9 maio deste ano, mais de 880 multas foram emitidas pela Settra na cidade, por estacionamento irregular em vagas destinadas exclusivamente a pessoas portadoras de necessidades especiais, idosos e t\u00e1xis. Foto: Gil Velloso<\/p><\/div>\n<p><strong>\u201cMAIO AMARELO\u201d<\/strong><\/p>\n<p>As a\u00e7\u00f5es que fazem parte da programa\u00e7\u00e3o da campanha do \u201cMaio Amarelo 2019\u201d continuam nessa ter\u00e7a-feira, 21, com palestra na Escola Municipal (E. M.) \u201cGeorge Rondebach\u201d, no Bairro Grama, dentro das a\u00e7\u00f5es do projeto \u201cBem Comum\u201d, e com a blitz educativa \u201cCrian\u00e7a Tamb\u00e9m Ensina\u201d na E. M. \u201cProfessora Marlene Bastos\u201d, no Bom Jardim. Na pr\u00f3xima quinta-feira, 23, ser\u00e1 promovido workshop interno para servidores da Settra, e no dia 29 o 10\u00ba F\u00f3rum Mineiro da Comset, no Centro de Forma\u00e7\u00e3o do Professor, na Avenida Get\u00falio Vargas, 200, Centro.<\/p>\n<p>Este ano, a tem\u00e1tica do \u201cMaio Amarelo\u201d \u00e9 \u201cNo tr\u00e2nsito, o sentido \u00e9 a vida\u201d.<\/p>\n","protected":false},"excerpt":{"rendered":"<p>&nbsp; A Secretaria de Transporte e Tr\u00e2nsito (Settra) da Prefeitura de Juiz de Fora (PJF) realizou uma a\u00e7\u00e3o promovendo a conscientiza\u00e7\u00e3o sobre vagas exclusivas de estacionamento nesta segunda-feira, 20, na rua Braz Bernardino, regi\u00e3o central da cidade. Na ocasi\u00e3o, o lado direito da rua foi ocupado por portadores de necessidades especiais em cadeiras de rodas [&hellip;]<\/p>\n","protected":false},"author":96,"featured_media":140473,"comment_status":"closed","ping_status":"closed","sticky":false,"template":"","format":"standard","meta":{"footnotes":""},"categories":[253,436,440,439],"tags":[],"class_list":["post-140471","post","type-post","status-publish","format-standard","has-post-thumbnail","hentry","category-cidade","category-destaque-da-semana","category-destaques-do-dia","category-ultima-hora"],"_links":{"self":[{"href":"https:\/\/diarioregionaldigital.com.br\/index.php?rest_route=\/wp\/v2\/posts\/140471","targetHints":{"allow":["GET"]}}],"collection":[{"href":"https:\/\/diarioregionaldigital.com.br\/index.php?rest_route=\/wp\/v2\/posts"}],"about":[{"href":"https:\/\/diarioregionaldigital.com.br\/index.php?rest_route=\/wp\/v2\/types\/post"}],"author":[{"embeddable":true,"href":"https:\/\/diarioregionaldigital.com.br\/index.php?rest_route=\/wp\/v2\/users\/96"}],"replies":[{"embeddable":true,"href":"https:\/\/diarioregionaldigital.com.br\/index.php?rest_route=%2Fwp%2Fv2%2Fcomments&post=140471"}],"version-history":[{"count":0,"href":"https:\/\/diarioregionaldigital.com.br\/index.php?rest_route=\/wp\/v2\/posts\/140471\/revisions"}],"wp:featuredmedia":[{"embeddable":true,"href":"https:\/\/diarioregionaldigital.com.br\/index.php?rest_route=\/wp\/v2\/media\/140473"}],"wp:attachment":[{"href":"https:\/\/diarioregionaldigital.com.br\/index.php?rest_route=%2Fwp%2Fv2%2Fmedia&parent=140471"}],"wp:term":[{"taxonomy":"category","embeddable":true,"href":"https:\/\/diarioregionaldigital.com.br\/index.php?rest_route=%2Fwp%2Fv2%2Fcategories&post=140471"},{"taxonomy":"post_tag","embeddable":true,"href":"https:\/\/diarioregionaldigital.com.br\/index.php?rest_route=%2Fwp%2Fv2%2Ftags&post=140471"}],"curies":[{"name":"wp","href":"https:\/\/api.w.org\/{rel}","templated":true}]}}