{"id":140466,"date":"2019-05-20T15:37:53","date_gmt":"2019-05-20T18:37:53","guid":{"rendered":"https:\/\/diarioregionaldigital.com.br\/?p=140466"},"modified":"2019-05-20T15:37:53","modified_gmt":"2019-05-20T18:37:53","slug":"nova-etapa-de-obras-deve-garantir-85-do-restauro-da-villa-ferreira-lage","status":"publish","type":"post","link":"https:\/\/diarioregionaldigital.com.br\/?p=140466","title":{"rendered":"Nova etapa de obras deve garantir 85% do restauro da Villa Ferreira Lage"},"content":{"rendered":"<p>A Villa Ferreira Lage, um dos pr\u00e9dios hist\u00f3ricos que comp\u00f5em o conjunto paisag\u00edstico e arquitet\u00f4nico da Funda\u00e7\u00e3o Museu Mariano Proc\u00f3pio, vai receber mais uma etapa de obras de restauro. A iniciativa tem patroc\u00ednio da MRS Log\u00edstica S\/A, atrav\u00e9s da Lei Federal de Incentivo \u00e0 Cultura. Ser\u00e3o restaurados diversos ambientes, como as salas de m\u00fasica, de visitas, torre\u00e3o, al\u00e9m dos condutores de \u00e1guas pluviais, garantindo a conclus\u00e3o de, aproximadamente, 85% da obra. O in\u00edcio das atividades deve ocorrer nas pr\u00f3ximas semanas, e a empresa respons\u00e1vel tem prazo estimado de quatro meses para a entrega do servi\u00e7o.<\/p>\n<p>Segundo o prefeito Ant\u00f4nio Almas, \u00e9 importante que os empres\u00e1rios da cidade abracem esse tipo de causa, atrav\u00e9s da Lei de incentivo \u00e0 cultura, que possibilita a promo\u00e7\u00e3o de a\u00e7\u00f5es e eventos junto \u00e0 comunidade, bem como equipamentos, obras e outras melhorias em diversos espa\u00e7os, como o Museu. \u201cEsta nova etapa de obras representa um avan\u00e7o significativo no restauro da Villa Ferreira Lage\u201d, destacou o chefe do Executivo.<\/p>\n<p>O \u201cCastelinho\u201d, como tamb\u00e9m \u00e9 conhecida a edifica\u00e7\u00e3o, fica no alto da colina da propriedade do comendador Mariano Proc\u00f3pio, onde se situa o Museu, chamando aten\u00e7\u00e3o at\u00e9 hoje. A constru\u00e7\u00e3o palaciana, em estilo renascentista, da \u201cCh\u00e1cara dos Ferreira Lage\u201d, destinada ao veraneio da fam\u00edlia, foi finalizada em 1863. Embora tenha sido constru\u00edda com a finalidade de hospedar a Fam\u00edlia Imperial em sua primeira visita \u00e0 cidade, n\u00e3o ficou pronta para a ocasi\u00e3o, contudo, recebeu a comitiva de Dom Pedro II posteriormente. Entre as curiosidades, est\u00e1 o fato de os tijolos utilizados em toda a estrutura terem vindo da olaria da Companhia Uni\u00e3o e Ind\u00fastria, empresa respons\u00e1vel pela constru\u00e7\u00e3o da estrada com o mesmo nome, que ligou Juiz de Fora a Petr\u00f3polis.<\/p>\n<p>Fonte: PJF<\/p>\n","protected":false},"excerpt":{"rendered":"<p>A Villa Ferreira Lage, um dos pr\u00e9dios hist\u00f3ricos que comp\u00f5em o conjunto paisag\u00edstico e arquitet\u00f4nico da Funda\u00e7\u00e3o Museu Mariano Proc\u00f3pio, vai receber mais uma etapa de obras de restauro. A iniciativa tem patroc\u00ednio da MRS Log\u00edstica S\/A, atrav\u00e9s da Lei Federal de Incentivo \u00e0 Cultura. Ser\u00e3o restaurados diversos ambientes, como as salas de m\u00fasica, de [&hellip;]<\/p>\n","protected":false},"author":96,"featured_media":140468,"comment_status":"closed","ping_status":"closed","sticky":false,"template":"","format":"standard","meta":{"footnotes":""},"categories":[253,436,440,439],"tags":[],"class_list":["post-140466","post","type-post","status-publish","format-standard","has-post-thumbnail","hentry","category-cidade","category-destaque-da-semana","category-destaques-do-dia","category-ultima-hora"],"_links":{"self":[{"href":"https:\/\/diarioregionaldigital.com.br\/index.php?rest_route=\/wp\/v2\/posts\/140466","targetHints":{"allow":["GET"]}}],"collection":[{"href":"https:\/\/diarioregionaldigital.com.br\/index.php?rest_route=\/wp\/v2\/posts"}],"about":[{"href":"https:\/\/diarioregionaldigital.com.br\/index.php?rest_route=\/wp\/v2\/types\/post"}],"author":[{"embeddable":true,"href":"https:\/\/diarioregionaldigital.com.br\/index.php?rest_route=\/wp\/v2\/users\/96"}],"replies":[{"embeddable":true,"href":"https:\/\/diarioregionaldigital.com.br\/index.php?rest_route=%2Fwp%2Fv2%2Fcomments&post=140466"}],"version-history":[{"count":0,"href":"https:\/\/diarioregionaldigital.com.br\/index.php?rest_route=\/wp\/v2\/posts\/140466\/revisions"}],"wp:featuredmedia":[{"embeddable":true,"href":"https:\/\/diarioregionaldigital.com.br\/index.php?rest_route=\/wp\/v2\/media\/140468"}],"wp:attachment":[{"href":"https:\/\/diarioregionaldigital.com.br\/index.php?rest_route=%2Fwp%2Fv2%2Fmedia&parent=140466"}],"wp:term":[{"taxonomy":"category","embeddable":true,"href":"https:\/\/diarioregionaldigital.com.br\/index.php?rest_route=%2Fwp%2Fv2%2Fcategories&post=140466"},{"taxonomy":"post_tag","embeddable":true,"href":"https:\/\/diarioregionaldigital.com.br\/index.php?rest_route=%2Fwp%2Fv2%2Ftags&post=140466"}],"curies":[{"name":"wp","href":"https:\/\/api.w.org\/{rel}","templated":true}]}}