{"id":140462,"date":"2019-05-20T14:45:13","date_gmt":"2019-05-20T17:45:13","guid":{"rendered":"https:\/\/diarioregionaldigital.com.br\/?p=140462"},"modified":"2019-05-20T14:45:13","modified_gmt":"2019-05-20T17:45:13","slug":"reforma-tributaria-sera-apresentada-apos-aprovacao-da-nova-previdencia","status":"publish","type":"post","link":"https:\/\/diarioregionaldigital.com.br\/?p=140462","title":{"rendered":"Reforma tribut\u00e1ria ser\u00e1 apresentada ap\u00f3s aprova\u00e7\u00e3o da nova Previd\u00eancia"},"content":{"rendered":"<p>O presidente Jair Bolsonaro afirmou hoje (20) que pretende apresentar um projeto de reforma tribut\u00e1ria para o pa\u00eds ap\u00f3s a aprova\u00e7\u00e3o da reforma da Previd\u00eancia. Em publica\u00e7\u00e3o na sua conta no Twitter, Bolsonaro explicou que a reforma \u00e9 necess\u00e1ria para viabilizar outros projetos para o pa\u00eds.<\/p>\n<p>\u201cA Nova Previd\u00eancia \u00e9 a porta de entrada para o progresso do Brasil. \u00c9 com sua aprova\u00e7\u00e3o que se viabilizam diversas outras a\u00e7\u00f5es econ\u00f4micas ben\u00e9ficas para o pa\u00eds, como a Reforma Tribut\u00e1ria, que pretendemos apresentar logo ap\u00f3s, compreendendo ser um desejo urgente dos brasileiros\u201d, escreveu.<\/p>\n<p>A C\u00e2mara dos Deputados retoma nesta semana as audi\u00eancias tem\u00e1ticas da comiss\u00e3o especial que analisa a Proposta de Emenda \u00e0 Constitui\u00e7\u00e3o da Reforma da Previd\u00eancia (PEC 6\/19). Entre os temas est\u00e3o o Benef\u00edcio de Presta\u00e7\u00e3o Continuada (BPC) e a aposentadoria do trabalhador rural e de categorias diferenciadas como professores,\u00a0policiais e magistrados.<\/p>\n<p>Paralelamente, os deputados tamb\u00e9m analisar\u00e3o o texto da\u00a0reforma tribut\u00e1ria\u00a0(PEC 45\/19) j\u00e1 em tramita\u00e7\u00e3o. Na quarta-feira (22), a Comiss\u00e3o de Constitui\u00e7\u00e3o e Justi\u00e7a (CCJ) da C\u00e2mara deve votar o relat\u00f3rio sobre a admissibilidade da PEC. O relator, deputado Jo\u00e3o Roma (PRB-BA), apresentou parecer favor\u00e1vel \u00e0 tramita\u00e7\u00e3o do texto, na semana passada.<\/p>\n<p>A proposta institui o Imposto sobre Opera\u00e7\u00f5es com Bens e Servi\u00e7os (IBS) que substitui tr\u00eas tributos federais &#8211; IPI, PIS e Cofins -, o ICMS, que \u00e9 estadual, e o ISS, municipal. Todos eles incidem sobre o consumo. O IBS ser\u00e1 composto por tr\u00eas al\u00edquotas &#8211; federal, estadual e municipal; e Uni\u00e3o, estados e munic\u00edpios poder\u00e3o fixar diferentes valores para a al\u00edquota do imposto.<\/p>\n<p>&nbsp;<\/p>\n<p>Fonte: Ag\u00eancia Brasil<\/p>\n","protected":false},"excerpt":{"rendered":"<p>O presidente Jair Bolsonaro afirmou hoje (20) que pretende apresentar um projeto de reforma tribut\u00e1ria para o pa\u00eds ap\u00f3s a aprova\u00e7\u00e3o da reforma da Previd\u00eancia. Em publica\u00e7\u00e3o na sua conta no Twitter, Bolsonaro explicou que a reforma \u00e9 necess\u00e1ria para viabilizar outros projetos para o pa\u00eds. \u201cA Nova Previd\u00eancia \u00e9 a porta de entrada para [&hellip;]<\/p>\n","protected":false},"author":96,"featured_media":140464,"comment_status":"closed","ping_status":"closed","sticky":false,"template":"","format":"standard","meta":{"footnotes":""},"categories":[436,254,439],"tags":[],"class_list":["post-140462","post","type-post","status-publish","format-standard","has-post-thumbnail","hentry","category-destaque-da-semana","category-politica","category-ultima-hora"],"_links":{"self":[{"href":"https:\/\/diarioregionaldigital.com.br\/index.php?rest_route=\/wp\/v2\/posts\/140462","targetHints":{"allow":["GET"]}}],"collection":[{"href":"https:\/\/diarioregionaldigital.com.br\/index.php?rest_route=\/wp\/v2\/posts"}],"about":[{"href":"https:\/\/diarioregionaldigital.com.br\/index.php?rest_route=\/wp\/v2\/types\/post"}],"author":[{"embeddable":true,"href":"https:\/\/diarioregionaldigital.com.br\/index.php?rest_route=\/wp\/v2\/users\/96"}],"replies":[{"embeddable":true,"href":"https:\/\/diarioregionaldigital.com.br\/index.php?rest_route=%2Fwp%2Fv2%2Fcomments&post=140462"}],"version-history":[{"count":0,"href":"https:\/\/diarioregionaldigital.com.br\/index.php?rest_route=\/wp\/v2\/posts\/140462\/revisions"}],"wp:featuredmedia":[{"embeddable":true,"href":"https:\/\/diarioregionaldigital.com.br\/index.php?rest_route=\/wp\/v2\/media\/140464"}],"wp:attachment":[{"href":"https:\/\/diarioregionaldigital.com.br\/index.php?rest_route=%2Fwp%2Fv2%2Fmedia&parent=140462"}],"wp:term":[{"taxonomy":"category","embeddable":true,"href":"https:\/\/diarioregionaldigital.com.br\/index.php?rest_route=%2Fwp%2Fv2%2Fcategories&post=140462"},{"taxonomy":"post_tag","embeddable":true,"href":"https:\/\/diarioregionaldigital.com.br\/index.php?rest_route=%2Fwp%2Fv2%2Ftags&post=140462"}],"curies":[{"name":"wp","href":"https:\/\/api.w.org\/{rel}","templated":true}]}}