{"id":140454,"date":"2019-05-20T14:42:16","date_gmt":"2019-05-20T17:42:16","guid":{"rendered":"https:\/\/diarioregionaldigital.com.br\/?p=140454"},"modified":"2019-05-20T14:42:16","modified_gmt":"2019-05-20T17:42:16","slug":"aposentadoria-de-policiais-e-professores-entra-em-discussao-na-camara","status":"publish","type":"post","link":"https:\/\/diarioregionaldigital.com.br\/?p=140454","title":{"rendered":"Aposentadoria de policiais e professores entra em discuss\u00e3o na C\u00e2mara"},"content":{"rendered":"<p>A C\u00e2mara dos Deputados retoma nesta semana as audi\u00eancias tem\u00e1ticas da comiss\u00e3o especial que analisa a Proposta de Emenda \u00e0 Constitui\u00e7\u00e3o da reforma da Previd\u00eancia (PEC 6\/19). Entre os temas est\u00e3o o Benef\u00edcio de Presta\u00e7\u00e3o Continuada (BPC) e o abono salarial, a aposentadoria do trabalhador rural e de categorias com crit\u00e9rios diferenciados como professores, policiais e magistrados.<\/p>\n<p>Na\u00a0ter\u00e7a-feira (21), o colegiado convidou o assessor-chefe-adjunto da Presid\u00eancia da Rep\u00fablica, Arthur Bragan\u00e7a Weintraub, o professor do Instituto de Economia da Universidade de Campinas (Unicamp), Pedro Rossi, a pesquisadora do Instituto de Pesquisa Econ\u00f4mica Aplicada (Ipea), Luciana Jaccoud, e o diretor de programa na Secretaria Especial de Previd\u00eancia e Trabalho, Leonardo Rangel, para debater BPC e abono salarial.<\/p>\n<p>A aposentaria do trabalhador rural ser\u00e1 discutida na\u00a0quarta-feira (22) com o secret\u00e1rio especial adjunto de Previd\u00eancia e Trabalho, Bruno Bianco, com a advogada Jane L\u00facia Berwanger, representante Instituto Brasileiro de Direito Previdenci\u00e1rio (IBPD) e com representante da Confedera\u00e7\u00e3o Nacional dos Trabalhadores na Agricultura (Contag).<\/p>\n<p>As categorias com crit\u00e9rios diferenciados de aposentadoria ser\u00e3o debatidas na\u00a0quinta-feira (23) com o secret\u00e1rio adjunto de Previd\u00eancia no Minist\u00e9rio da Economia, Narlon Gutierre Nogueira, e com o presidente da Confedera\u00e7\u00e3o Nacional dos Trabalhadores em Estabelecimento de Ensino (Contee), Gilson Reis.<\/p>\n<p><strong>Reforma tribut\u00e1ria<\/strong><\/p>\n<p>Em paralelo \u00e0 discuss\u00e3o sobre a mudan\u00e7a nas regras de aposentadoria dos trabalhadores, deputados tamb\u00e9m analisar\u00e3o o texto da reforma tribut\u00e1ria (PEC 45\/19). Na\u00a0quarta-feira (22), a Comiss\u00e3o de Constitui\u00e7\u00e3o e Justi\u00e7a da C\u00e2mara deve votar o relat\u00f3rio sobre a admissibilidade da PEC. O relator do texto, deputado Jo\u00e3o Roma (PRB-BA),\u00a0apresentou seu parecer\u00a0na semana passada.<\/p>\n<p>A proposta institui Imposto sobre Opera\u00e7\u00f5es com Bens e Servi\u00e7os (IBS) que substitui tr\u00eas tributos federais &#8211; IPI, PIS e Cofins -, o ICMS, que \u00e9 estadual, e o ISS, municipal. Todos eles incidem sobre o consumo. O IBS ser\u00e1 composto por tr\u00eas al\u00edquotas &#8211; federal, estadual e municipal; e Uni\u00e3o, estados e munic\u00edpios poder\u00e3o fixar diferentes valores para a al\u00edquota do imposto.<\/p>\n<p><strong>Plen\u00e1rio<\/strong><\/p>\n<p>Segundo o l\u00edder do governo na C\u00e2mara, Major Vitor Hugo (PSL-GO), o governo e o partido t\u00eam trabalhado para construir um consenso e viabilizar a vota\u00e7\u00e3o de tr\u00eas medidas provis\u00f3rias no plen\u00e1rio esta semana, entre elas, a MP 870\/19 da reforma administrativa.<\/p>\n<p>A comiss\u00e3o mista que analisou a reforma administrativa introduziu modifica\u00e7\u00f5es no texto, como a que retira o Conselho de Controle de Atividades Financeiras (Coaf) do Minist\u00e9rio da Justi\u00e7a e Seguran\u00e7a P\u00fablica para transferi-lo de volta ao Minist\u00e9rio da Economia.<\/p>\n<p>Segundo o l\u00edder, o partido tentar\u00e1 manter o Coaf no Minist\u00e9rio da Justi\u00e7a na vota\u00e7\u00e3o em plen\u00e1rio. \u201cOs deputados do PSL decidiram n\u00e3o apoiar essa mudan\u00e7a no Coaf. Tem um peso simb\u00f3lico muito grande e uma quest\u00e3o jur\u00eddica envolvida em termos de facilita\u00e7\u00e3o de combate \u00e0 lavagem de dinheiro, ao financiamento do terrorismo e \u00e0 corrup\u00e7\u00e3o\u201d. Para n\u00e3o expirar, o texto de convers\u00e3o da medida provis\u00f3ria precisa ter a vota\u00e7\u00e3o conclu\u00edda nas duas Casas at\u00e9 o dia\u00a03 de junho.<\/p>\n<p>J\u00e1 a MP 863\/18, que autoriza at\u00e9 100% de capital estrangeiro em companhias a\u00e9reas com sede no Brasil,\u00a0precisa ser aprovada pelo Congresso at\u00e9 dia\u00a022 de maio\u00a0para n\u00e3o perder a validade.<\/p>\n<p>Outra MP citada por Major Vitor Hugo \u00e9 a 866\/18 que cria a Brasil Servi\u00e7os de Navega\u00e7\u00e3o A\u00e9rea S.A. (NAV Brasil). A MP autoriza o Executivo a implementar a NAV Brasil, em decorr\u00eancia da cis\u00e3o parcial da Empresa Brasileira de Infraestrutura Aeroportu\u00e1ria (Infraero).<\/p>\n<p>&nbsp;<\/p>\n<p>&nbsp;<\/p>\n<p>Fonte: Ag\u00eancia Brasil<\/p>\n","protected":false},"excerpt":{"rendered":"<p>A C\u00e2mara dos Deputados retoma nesta semana as audi\u00eancias tem\u00e1ticas da comiss\u00e3o especial que analisa a Proposta de Emenda \u00e0 Constitui\u00e7\u00e3o da reforma da Previd\u00eancia (PEC 6\/19). Entre os temas est\u00e3o o Benef\u00edcio de Presta\u00e7\u00e3o Continuada (BPC) e o abono salarial, a aposentadoria do trabalhador rural e de categorias com crit\u00e9rios diferenciados como professores, policiais [&hellip;]<\/p>\n","protected":false},"author":96,"featured_media":97343,"comment_status":"closed","ping_status":"closed","sticky":false,"template":"","format":"standard","meta":{"footnotes":""},"categories":[436,254,439],"tags":[],"class_list":["post-140454","post","type-post","status-publish","format-standard","has-post-thumbnail","hentry","category-destaque-da-semana","category-politica","category-ultima-hora"],"_links":{"self":[{"href":"https:\/\/diarioregionaldigital.com.br\/index.php?rest_route=\/wp\/v2\/posts\/140454","targetHints":{"allow":["GET"]}}],"collection":[{"href":"https:\/\/diarioregionaldigital.com.br\/index.php?rest_route=\/wp\/v2\/posts"}],"about":[{"href":"https:\/\/diarioregionaldigital.com.br\/index.php?rest_route=\/wp\/v2\/types\/post"}],"author":[{"embeddable":true,"href":"https:\/\/diarioregionaldigital.com.br\/index.php?rest_route=\/wp\/v2\/users\/96"}],"replies":[{"embeddable":true,"href":"https:\/\/diarioregionaldigital.com.br\/index.php?rest_route=%2Fwp%2Fv2%2Fcomments&post=140454"}],"version-history":[{"count":0,"href":"https:\/\/diarioregionaldigital.com.br\/index.php?rest_route=\/wp\/v2\/posts\/140454\/revisions"}],"wp:featuredmedia":[{"embeddable":true,"href":"https:\/\/diarioregionaldigital.com.br\/index.php?rest_route=\/wp\/v2\/media\/97343"}],"wp:attachment":[{"href":"https:\/\/diarioregionaldigital.com.br\/index.php?rest_route=%2Fwp%2Fv2%2Fmedia&parent=140454"}],"wp:term":[{"taxonomy":"category","embeddable":true,"href":"https:\/\/diarioregionaldigital.com.br\/index.php?rest_route=%2Fwp%2Fv2%2Fcategories&post=140454"},{"taxonomy":"post_tag","embeddable":true,"href":"https:\/\/diarioregionaldigital.com.br\/index.php?rest_route=%2Fwp%2Fv2%2Ftags&post=140454"}],"curies":[{"name":"wp","href":"https:\/\/api.w.org\/{rel}","templated":true}]}}