{"id":140448,"date":"2019-05-19T06:00:00","date_gmt":"2019-05-19T09:00:00","guid":{"rendered":"https:\/\/diarioregionaldigital.com.br\/?p=140448"},"modified":"2019-05-18T15:37:33","modified_gmt":"2019-05-18T18:37:33","slug":"convocacao-de-assembleia-geral-extraordinaria-clinica-atm","status":"publish","type":"post","link":"https:\/\/diarioregionaldigital.com.br\/?p=140448","title":{"rendered":"CONVOCA\u00c7\u00c3O DE ASSEMBLEIA GERAL EXTRAORDIN\u00c1RIA &#8211; CL\u00cdNICA ATM"},"content":{"rendered":"<p><img loading=\"lazy\" decoding=\"async\" class=\"aligncenter wp-image-140449 size-large\" src=\"https:\/\/diarioregionaldigital.com.br\/wp-content\/uploads\/2019\/05\/CL\u00cdNICA-ATM-570x1024.jpg\" alt=\"\" width=\"570\" height=\"1024\" srcset=\"https:\/\/diarioregionaldigital.com.br\/wp-content\/uploads\/2019\/05\/CL\u00cdNICA-ATM-570x1024.jpg 570w, https:\/\/diarioregionaldigital.com.br\/wp-content\/uploads\/2019\/05\/CL\u00cdNICA-ATM-167x300.jpg 167w, https:\/\/diarioregionaldigital.com.br\/wp-content\/uploads\/2019\/05\/CL\u00cdNICA-ATM-768x1381.jpg 768w, https:\/\/diarioregionaldigital.com.br\/wp-content\/uploads\/2019\/05\/CL\u00cdNICA-ATM-360x647.jpg 360w, https:\/\/diarioregionaldigital.com.br\/wp-content\/uploads\/2019\/05\/CL\u00cdNICA-ATM.jpg 850w\" sizes=\"auto, (max-width: 570px) 100vw, 570px\" \/><\/p>\n","protected":false},"excerpt":{"rendered":"","protected":false},"author":96,"featured_media":0,"comment_status":"closed","ping_status":"closed","sticky":false,"template":"","format":"standard","meta":{"footnotes":""},"categories":[307],"tags":[],"class_list":["post-140448","post","type-post","status-publish","format-standard","hentry","category-editais"],"_links":{"self":[{"href":"https:\/\/diarioregionaldigital.com.br\/index.php?rest_route=\/wp\/v2\/posts\/140448","targetHints":{"allow":["GET"]}}],"collection":[{"href":"https:\/\/diarioregionaldigital.com.br\/index.php?rest_route=\/wp\/v2\/posts"}],"about":[{"href":"https:\/\/diarioregionaldigital.com.br\/index.php?rest_route=\/wp\/v2\/types\/post"}],"author":[{"embeddable":true,"href":"https:\/\/diarioregionaldigital.com.br\/index.php?rest_route=\/wp\/v2\/users\/96"}],"replies":[{"embeddable":true,"href":"https:\/\/diarioregionaldigital.com.br\/index.php?rest_route=%2Fwp%2Fv2%2Fcomments&post=140448"}],"version-history":[{"count":0,"href":"https:\/\/diarioregionaldigital.com.br\/index.php?rest_route=\/wp\/v2\/posts\/140448\/revisions"}],"wp:attachment":[{"href":"https:\/\/diarioregionaldigital.com.br\/index.php?rest_route=%2Fwp%2Fv2%2Fmedia&parent=140448"}],"wp:term":[{"taxonomy":"category","embeddable":true,"href":"https:\/\/diarioregionaldigital.com.br\/index.php?rest_route=%2Fwp%2Fv2%2Fcategories&post=140448"},{"taxonomy":"post_tag","embeddable":true,"href":"https:\/\/diarioregionaldigital.com.br\/index.php?rest_route=%2Fwp%2Fv2%2Ftags&post=140448"}],"curies":[{"name":"wp","href":"https:\/\/api.w.org\/{rel}","templated":true}]}}