{"id":140426,"date":"2019-05-18T08:10:35","date_gmt":"2019-05-18T11:10:35","guid":{"rendered":"https:\/\/diarioregionaldigital.com.br\/?p=140426"},"modified":"2019-05-18T08:10:35","modified_gmt":"2019-05-18T11:10:35","slug":"forma-de-governar-nao-agrada-grupos-do-passado-diz-bolsonaro","status":"publish","type":"post","link":"https:\/\/diarioregionaldigital.com.br\/?p=140426","title":{"rendered":"Forma de governar n\u00e3o agrada grupos do passado, diz Bolsonaro"},"content":{"rendered":"<p>O presidente Jair Bolsonaro afirmou nessa sexta-feira, 17, em nota lida pelo porta-voz do Pal\u00e1cio do Planalto, Ot\u00e1vio R\u00eago Barros, que a mudan\u00e7a na forma de governar o Brasil n\u00e3o tem agradado a grupos que, no passado, se beneficiaram do ele chama de &#8220;rela\u00e7\u00f5es pouco republicanas&#8221;.<\/p>\n<p>&#8220;Venho colocando todo meu esfor\u00e7o para governar o Brasil. Os desafios s\u00e3o in\u00fameros e a mudan\u00e7a na forma de governar n\u00e3o agrada aqueles grupos que, no passado, se beneficiaram das rela\u00e7\u00f5es pouco republicanas. Quero contar com a sociedade para juntos revertermos essa situa\u00e7\u00e3o e recolocarmos o pa\u00eds de volta ao trilho do futuro promissor. Que Deus nos ajude&#8221;, disse Bolsonaro na declara\u00e7\u00e3o lida por R\u00eago Barros a jornalistas.<\/p>\n<p>A declara\u00e7\u00e3o foi uma resposta ao vazamento de uma mensagem do pr\u00f3prio presidente Bolsonaro enviada a grupos de WhatsApp dos quais ele faz parte. Na mensagem, revelada pelo jornal\u00a0<em>O Estado de S. Paulo<\/em>, o presidente compartilha um texto assinado por um &#8220;autor desconhecido&#8221;, em que o principal argumento \u00e9 o de que o pa\u00eds \u00e9 governado &#8220;exclusivamente para atender aos interesses de corpora\u00e7\u00f5es com acesso privilegiado ao or\u00e7amento p\u00fablico&#8221;. Segundo este texto, o Brasil seria uma pa\u00eds &#8220;ingovern\u00e1vel&#8221; fora de &#8220;conchavos&#8221;.<\/p>\n<p>O Pal\u00e1cio do Planalto confirmou que o texto em quest\u00e3o foi realmente distribu\u00eddo pelo presidente em grupos de WhatsApp. Ao distribuir a mensagem, o presidente classifica o texto como &#8220;no m\u00ednimo interessante&#8221; e ainda escreve: &#8220;Em Juiz de Fora (06\/set\/2018), tive um sentimento e avisei meus seguran\u00e7as: &#8216;essa \u00e9 a \u00faltima vez que me exporei junto ao povo. O Sistema vai me matar&#8217;. Com o texto abaixo cada um de voc\u00eas pode tirar suas pr\u00f3prias conclus\u00f5es&#8221;. Em seguida, ele teria pedido para que o material fosse compartilhado.<\/p>\n<h2>Ex-prefeito de NY<\/h2>\n<p>O porta-voz do governo tamb\u00e9m informou que o presidente Bolsonaro recebeu, durante a tarde, a liga\u00e7\u00e3o do ex-prefeito de Nova York, Rudolph Giuliani, que governou a maior cidade dos Estados Unidos entre 1994 e 2001. Segundo R\u00eago Barros, o ex-prefeito parabenizou o presidente brasileiro e prometeu visitar o pa\u00eds em breve.<\/p>\n<p>&#8220;O prefeito Giuliani desculpou-se pela indelicadeza do atual prefeito de Nova York, parabenizou o presidente da Rep\u00fablica Jair Bolsonaro, pela vit\u00f3ria, e pela condu\u00e7\u00e3o do governo, e se predisp\u00f4s a nos visitar em breve&#8221;, disse.<\/p>\n<p>Fonte: Ag\u00eancia Brasil<\/p>\n","protected":false},"excerpt":{"rendered":"<p>O presidente Jair Bolsonaro afirmou nessa sexta-feira, 17, em nota lida pelo porta-voz do Pal\u00e1cio do Planalto, Ot\u00e1vio R\u00eago Barros, que a mudan\u00e7a na forma de governar o Brasil n\u00e3o tem agradado a grupos que, no passado, se beneficiaram do ele chama de &#8220;rela\u00e7\u00f5es pouco republicanas&#8221;. &#8220;Venho colocando todo meu esfor\u00e7o para governar o Brasil. [&hellip;]<\/p>\n","protected":false},"author":96,"featured_media":139435,"comment_status":"closed","ping_status":"closed","sticky":false,"template":"","format":"standard","meta":{"footnotes":""},"categories":[436,254,439],"tags":[],"class_list":["post-140426","post","type-post","status-publish","format-standard","has-post-thumbnail","hentry","category-destaque-da-semana","category-politica","category-ultima-hora"],"_links":{"self":[{"href":"https:\/\/diarioregionaldigital.com.br\/index.php?rest_route=\/wp\/v2\/posts\/140426","targetHints":{"allow":["GET"]}}],"collection":[{"href":"https:\/\/diarioregionaldigital.com.br\/index.php?rest_route=\/wp\/v2\/posts"}],"about":[{"href":"https:\/\/diarioregionaldigital.com.br\/index.php?rest_route=\/wp\/v2\/types\/post"}],"author":[{"embeddable":true,"href":"https:\/\/diarioregionaldigital.com.br\/index.php?rest_route=\/wp\/v2\/users\/96"}],"replies":[{"embeddable":true,"href":"https:\/\/diarioregionaldigital.com.br\/index.php?rest_route=%2Fwp%2Fv2%2Fcomments&post=140426"}],"version-history":[{"count":0,"href":"https:\/\/diarioregionaldigital.com.br\/index.php?rest_route=\/wp\/v2\/posts\/140426\/revisions"}],"wp:featuredmedia":[{"embeddable":true,"href":"https:\/\/diarioregionaldigital.com.br\/index.php?rest_route=\/wp\/v2\/media\/139435"}],"wp:attachment":[{"href":"https:\/\/diarioregionaldigital.com.br\/index.php?rest_route=%2Fwp%2Fv2%2Fmedia&parent=140426"}],"wp:term":[{"taxonomy":"category","embeddable":true,"href":"https:\/\/diarioregionaldigital.com.br\/index.php?rest_route=%2Fwp%2Fv2%2Fcategories&post=140426"},{"taxonomy":"post_tag","embeddable":true,"href":"https:\/\/diarioregionaldigital.com.br\/index.php?rest_route=%2Fwp%2Fv2%2Ftags&post=140426"}],"curies":[{"name":"wp","href":"https:\/\/api.w.org\/{rel}","templated":true}]}}