{"id":140425,"date":"2019-05-18T08:09:30","date_gmt":"2019-05-18T11:09:30","guid":{"rendered":"https:\/\/diarioregionaldigital.com.br\/?p=140425"},"modified":"2019-05-18T08:09:30","modified_gmt":"2019-05-18T11:09:30","slug":"dolar-supera-r-410-e-fecha-no-maior-valor-em-oito-meses","status":"publish","type":"post","link":"https:\/\/diarioregionaldigital.com.br\/?p=140425","title":{"rendered":"D\u00f3lar supera R$ 4,10 e fecha no maior valor em oito meses"},"content":{"rendered":"<p>Em um dia de tens\u00f5es no mercado de c\u00e2mbio, a moeda norte-americana voltou a subir. O d\u00f3lar comercial encerrou esta sexta-feira (17) vendido a R$ 4,102, com alta de R$ 0,065 (+1,62%). A divisa est\u00e1 no maior valor desde\u00a0<span id=\"OBJ_PREFIX_DWT190_com_zimbra_date\" role=\"link\">19 de setembro<\/span>\u00a0(R$ 4,124).<\/p>\n<p>O d\u00f3lar operou em alta durante toda a sess\u00e3o. A moeda abriu em R$ 4,05, mas disparou ao longo do dia at\u00e9 encerrar pr\u00f3ximo do valor m\u00e1ximo. Somente na semana, a cota\u00e7\u00e3o subiu 4%.<\/p>\n<p>Na bolsa de valores, o dia foi mais calmo. Depois de operar em alta por boa parte do dia, o Ibovespa, principal \u00edndice da B3 (antiga Bolsa de Valores de S\u00e3o Paulo), fechou praticamente est\u00e1vel, com recuo de 0,04%, aos 89.993 pontos. O indicador est\u00e1 no menor n\u00edvel desde\u00a0<span id=\"OBJ_PREFIX_DWT191_com_zimbra_date\" role=\"link\">28 de dezembro<\/span>\u00a0(87.887 pontos). A bolsa acumulou perda de 4,52% nesta semana.<\/p>\n<p>A semana foi marcada pela revis\u00e3o para baixo do crescimento da economia brasileira. Na\u00a0<span id=\"OBJ_PREFIX_DWT192_com_zimbra_date\" role=\"link\">quarta<\/span>-feira (15), o \u00cdndice de Atividade Econ\u00f4mica do Banco Central (IBC-Br), que funciona como uma pr\u00e9via do Produto Interno Bruto (PIB, soma das riquezas produzidas no pa\u00eds), encolheu 0,68% no primeiro trimestre de 2019 contra o \u00faltimo trimestre de 2018.<\/p>\n<p>No cen\u00e1rio externo, a tens\u00e3o comercial entre Estados Unidos e China dominou as preocupa\u00e7\u00f5es. Os dois pa\u00edses atravessam uma escalada de tens\u00f5es comerciais, ap\u00f3s os Estados Unidos terem sobretaxado produtos chineses em US$ 200 bilh\u00f5es na \u00faltima semana. Na segunda-feira (13), o pa\u00eds asi\u00e1tico informou que aplicar\u00e3o tarifas sobre US$ 60 bilh\u00f5es em mercadorias norte-americanas a partir<span id=\"OBJ_PREFIX_DWT193_com_zimbra_date\" role=\"link\">\u00a0de junho<\/span>.<\/p>\n<p>Fonte: Ag\u00eancia Brasil<\/p>\n","protected":false},"excerpt":{"rendered":"<p>Em um dia de tens\u00f5es no mercado de c\u00e2mbio, a moeda norte-americana voltou a subir. O d\u00f3lar comercial encerrou esta sexta-feira (17) vendido a R$ 4,102, com alta de R$ 0,065 (+1,62%). A divisa est\u00e1 no maior valor desde\u00a019 de setembro\u00a0(R$ 4,124). O d\u00f3lar operou em alta durante toda a sess\u00e3o. A moeda abriu em [&hellip;]<\/p>\n","protected":false},"author":96,"featured_media":140427,"comment_status":"closed","ping_status":"closed","sticky":false,"template":"","format":"standard","meta":{"footnotes":""},"categories":[436,261,439],"tags":[],"class_list":["post-140425","post","type-post","status-publish","format-standard","has-post-thumbnail","hentry","category-destaque-da-semana","category-economia","category-ultima-hora"],"_links":{"self":[{"href":"https:\/\/diarioregionaldigital.com.br\/index.php?rest_route=\/wp\/v2\/posts\/140425","targetHints":{"allow":["GET"]}}],"collection":[{"href":"https:\/\/diarioregionaldigital.com.br\/index.php?rest_route=\/wp\/v2\/posts"}],"about":[{"href":"https:\/\/diarioregionaldigital.com.br\/index.php?rest_route=\/wp\/v2\/types\/post"}],"author":[{"embeddable":true,"href":"https:\/\/diarioregionaldigital.com.br\/index.php?rest_route=\/wp\/v2\/users\/96"}],"replies":[{"embeddable":true,"href":"https:\/\/diarioregionaldigital.com.br\/index.php?rest_route=%2Fwp%2Fv2%2Fcomments&post=140425"}],"version-history":[{"count":0,"href":"https:\/\/diarioregionaldigital.com.br\/index.php?rest_route=\/wp\/v2\/posts\/140425\/revisions"}],"wp:featuredmedia":[{"embeddable":true,"href":"https:\/\/diarioregionaldigital.com.br\/index.php?rest_route=\/wp\/v2\/media\/140427"}],"wp:attachment":[{"href":"https:\/\/diarioregionaldigital.com.br\/index.php?rest_route=%2Fwp%2Fv2%2Fmedia&parent=140425"}],"wp:term":[{"taxonomy":"category","embeddable":true,"href":"https:\/\/diarioregionaldigital.com.br\/index.php?rest_route=%2Fwp%2Fv2%2Fcategories&post=140425"},{"taxonomy":"post_tag","embeddable":true,"href":"https:\/\/diarioregionaldigital.com.br\/index.php?rest_route=%2Fwp%2Fv2%2Ftags&post=140425"}],"curies":[{"name":"wp","href":"https:\/\/api.w.org\/{rel}","templated":true}]}}