{"id":140422,"date":"2019-05-18T08:16:22","date_gmt":"2019-05-18T11:16:22","guid":{"rendered":"https:\/\/diarioregionaldigital.com.br\/?p=140422"},"modified":"2019-05-18T08:16:22","modified_gmt":"2019-05-18T11:16:22","slug":"adolescentes-com-sobrepeso-tem-risco-elevado-de-doenca-cardiovascular","status":"publish","type":"post","link":"https:\/\/diarioregionaldigital.com.br\/?p=140422","title":{"rendered":"Adolescentes com sobrepeso t\u00eam risco elevado de doen\u00e7a cardiovascular"},"content":{"rendered":"<p>Adolescentes com sobrepeso apresentam o mesmo risco de doen\u00e7a cardiovascular que jovens obesos, mostra pesquisa da Universidade Estadual Paulista (Unesp) em Presidente Prudente e Mar\u00edlia. O estudo, apoiado pela Funda\u00e7\u00e3o de Amparo \u00e0 Pesquisa do estado de S\u00e3o Paulo (Fapesp), foi desenvolvido com 40 adolescentes com idades entre 10 e 17 anos e comparou resultados de testes card\u00edacos entre grupos de obesos e com excesso de peso. Os resultados foram publicados na revista cient\u00edfica\u00a0<em>Cardiology in the Young<\/em>.<\/p>\n<p>\u201cJ\u00e1 sabemos que adolescentes obesos t\u00eam alto risco de desenvolver, mais futuramente, uma doen\u00e7a cardiovascular como hipertens\u00e3o; dislipidemia, que inclui aumento nos triglic\u00e9rides e aumento no colesterol HDL no sangue; desenvolver diabetes, AVC, infarto. Mas quando comparando essas vari\u00e1veis fisiol\u00f3gicas entre o grupo obeso e com sobrepeso a resposta deles foi id\u00eantica\u201d, disse Vitor Engr\u00e1cia Valenti, professor da Unesp de Mar\u00edlia e coordenador da pesquisa. At\u00e9 ent\u00e3o o sobrepeso na adolesc\u00eancia n\u00e3o era considerado um fator de risco t\u00e3o importante.<\/p>\n<p>Segundo o pesquisador, os resultados chamam aten\u00e7\u00e3o para a necessidade de cuidados desde o ganho de peso inicial dos adolescentes. \u201cQuando come\u00e7am a perceber a quest\u00e3o de alimenta\u00e7\u00e3o, de exerc\u00edcio f\u00edsico, sedentarismo, quando percebem que o filho j\u00e1 est\u00e1 come\u00e7ando a entrar um pouco no sobrepeso, come\u00e7a a perceber gordura na barriga, que ele tem dificuldade para realizar algum tipo de esfor\u00e7o \u00e9 importante levar o filho ao cardiologista, nutricionista, endocrinologista. \u00c9 fazer a\u00e7\u00f5es preventivas\u201d, disse.<\/p>\n<p>A Pesquisa de Vigil\u00e2ncia de Fatores de Risco e Prote\u00e7\u00e3o para Doen\u00e7as Cr\u00f4nicas por Inqu\u00e9rito Telef\u00f4nico (Vigitel), de 2017 e feita pelo Minist\u00e9rio da Sa\u00fade, aponta que quase um em cada 5 (18,9%) brasileiros s\u00e3o obesos e que mais da metade da popula\u00e7\u00e3o das capitais brasileiras (54%) est\u00e3o com excesso de peso. Valenti, a partir de dados da Organiza\u00e7\u00e3o Mundial de Sa\u00fade (OMS), chega a conclus\u00e3o de que o pa\u00eds tem cerca de 35% de crian\u00e7as com sobrepeso e 15% obesas.<\/p>\n<div class=\"dnd-atom-rendered\">\n<h2>Estudo<\/h2>\n<p>Os pesquisadores dividiram os 40 adolescentes em dois grupos com meninos e meninas na mesma propor\u00e7\u00e3o e com diferentes valores de escore-z \u2013 escala usada no diagn\u00f3stico nutricional de crian\u00e7as e adolescentes, baseada no n\u00famero de desvios padr\u00e3o acima ou abaixo da m\u00e9dia da popula\u00e7\u00e3o na mesma idade.<\/p>\n<p>Eles foram submetidos a um protocolo de exerc\u00edcio f\u00edsico moderado, de caminhada por 20 minutos em uma esteira sem inclina\u00e7\u00e3o, que exigia 70% da frequ\u00eancia card\u00edaca m\u00e1xima estimada para a faixa de idade.<\/p>\n<p>A variabilidade da frequ\u00eancia card\u00edaca dos adolescentes foi medida antes e depois do exerc\u00edcio para avaliar a velocidade de recupera\u00e7\u00e3o card\u00edaca na sequ\u00eancia da atividade f\u00edsica. De acordo com os pesquisadores, essa medida permite analisar o risco de uma pessoa apresentar uma complica\u00e7\u00e3o cardiovascular imediatamente ap\u00f3s uma atividade f\u00edsica e tamb\u00e9m estimar o risco de ter uma doen\u00e7a cardiovascular no futuro.<\/p>\n<p>Nos primeiros segundos de um exerc\u00edcio f\u00edsico, h\u00e1 uma redu\u00e7\u00e3o da atividade do sistema nervoso parassimp\u00e1tico, que \u00e9 respons\u00e1vel por estimular a\u00e7\u00f5es que relaxam o corpo, como desacelerar os batimentos card\u00edacos. Ap\u00f3s os primeiros 50 a 60 segundos do esfor\u00e7o f\u00edsico, h\u00e1 um aumento da atividade do sistema nervoso simp\u00e1tico \u2013 estimulando a\u00e7\u00f5es de resposta a situa\u00e7\u00f5es de estresse, como a acelera\u00e7\u00e3o dos batimentos card\u00edacos, por meio dos efeitos da adrenalina.<\/p>\n<p>Segundo Valente, estudos anteriores demonstraram que, quanto maior o tempo que esse sistema nervoso aut\u00f4nomo demora para se estabilizar ap\u00f3s o exerc\u00edcio e, consequentemente, recuperar a frequ\u00eancia card\u00edaca normal, maior tamb\u00e9m \u00e9 a predisposi\u00e7\u00e3o para o desenvolvimento de uma doen\u00e7a cardiovascular ou metab\u00f3lica.<\/p>\n<\/div>\n<p>Fonte: Ag\u00eancia Brasil<\/p>\n","protected":false},"excerpt":{"rendered":"<p>Adolescentes com sobrepeso apresentam o mesmo risco de doen\u00e7a cardiovascular que jovens obesos, mostra pesquisa da Universidade Estadual Paulista (Unesp) em Presidente Prudente e Mar\u00edlia. O estudo, apoiado pela Funda\u00e7\u00e3o de Amparo \u00e0 Pesquisa do estado de S\u00e3o Paulo (Fapesp), foi desenvolvido com 40 adolescentes com idades entre 10 e 17 anos e comparou resultados [&hellip;]<\/p>\n","protected":false},"author":96,"featured_media":140432,"comment_status":"closed","ping_status":"closed","sticky":false,"template":"","format":"standard","meta":{"footnotes":""},"categories":[302,436,440,439],"tags":[],"class_list":["post-140422","post","type-post","status-publish","format-standard","has-post-thumbnail","hentry","category-brasil-mundo","category-destaque-da-semana","category-destaques-do-dia","category-ultima-hora"],"_links":{"self":[{"href":"https:\/\/diarioregionaldigital.com.br\/index.php?rest_route=\/wp\/v2\/posts\/140422","targetHints":{"allow":["GET"]}}],"collection":[{"href":"https:\/\/diarioregionaldigital.com.br\/index.php?rest_route=\/wp\/v2\/posts"}],"about":[{"href":"https:\/\/diarioregionaldigital.com.br\/index.php?rest_route=\/wp\/v2\/types\/post"}],"author":[{"embeddable":true,"href":"https:\/\/diarioregionaldigital.com.br\/index.php?rest_route=\/wp\/v2\/users\/96"}],"replies":[{"embeddable":true,"href":"https:\/\/diarioregionaldigital.com.br\/index.php?rest_route=%2Fwp%2Fv2%2Fcomments&post=140422"}],"version-history":[{"count":0,"href":"https:\/\/diarioregionaldigital.com.br\/index.php?rest_route=\/wp\/v2\/posts\/140422\/revisions"}],"wp:featuredmedia":[{"embeddable":true,"href":"https:\/\/diarioregionaldigital.com.br\/index.php?rest_route=\/wp\/v2\/media\/140432"}],"wp:attachment":[{"href":"https:\/\/diarioregionaldigital.com.br\/index.php?rest_route=%2Fwp%2Fv2%2Fmedia&parent=140422"}],"wp:term":[{"taxonomy":"category","embeddable":true,"href":"https:\/\/diarioregionaldigital.com.br\/index.php?rest_route=%2Fwp%2Fv2%2Fcategories&post=140422"},{"taxonomy":"post_tag","embeddable":true,"href":"https:\/\/diarioregionaldigital.com.br\/index.php?rest_route=%2Fwp%2Fv2%2Ftags&post=140422"}],"curies":[{"name":"wp","href":"https:\/\/api.w.org\/{rel}","templated":true}]}}