{"id":140416,"date":"2019-05-18T07:55:37","date_gmt":"2019-05-18T10:55:37","guid":{"rendered":"https:\/\/diarioregionaldigital.com.br\/?p=140416"},"modified":"2019-05-18T07:55:37","modified_gmt":"2019-05-18T10:55:37","slug":"hipertensao-atinge-247-dos-moradores-de-capitais-brasileiras","status":"publish","type":"post","link":"https:\/\/diarioregionaldigital.com.br\/?p=140416","title":{"rendered":"Hipertens\u00e3o atinge 24,7% dos moradores de capitais brasileiras"},"content":{"rendered":"<p>Uma pesquisa do Sistema de Vigil\u00e2ncia de Fatores de Risco e Prote\u00e7\u00e3o para Doen\u00e7as Cr\u00f4nicas por Inqu\u00e9rito Telef\u00f4nico (Vigitel 2018) mostrou que a hipertens\u00e3o atinge 24,7% dos moradores das capitais do Brasil. Do grupo de entrevistados, 60,9% de pessoas com mais de 65 anos disseram ser hipertensas. \u00c9 o grupo mais significativo. Entre os entrevistados com idades entre 45 e 54 anos, 49,5% afirmaram ter hipertens\u00e3o. Os dados foram divulgados nessa sexta-feira (17), no Dia Mundial da Hipertens\u00e3o. O Vigitel 2018 entrevistou 52.395 pessoas nas capitais brasileiras.<\/p>\n<p>Al\u00e9m disso, a pesquisa mostra que a doen\u00e7a, tamb\u00e9m conhecida como \u201cpress\u00e3o alta\u201d, atinge mais pessoas no Rio de Janeiro, Macei\u00f3, Jo\u00e3o Pessoa e Vit\u00f3ria. J\u00e1 S\u00e3o Lu\u00eds, Porto Velho, Palmas e Boa Vista s\u00e3o as capitais com menor incid\u00eancia de hipertens\u00e3o entre seus habitantes.<\/p>\n<p>Dados preliminares do Sistema de Informa\u00e7\u00f5es de Mortalidade (SIM) do Minist\u00e9rio da Sa\u00fade mostram que, em 2017, o Brasil registrou 141.878 mortes devido a hipertens\u00e3o ou a causas relacionadas a ela. Isso significa que 388,7 pessoas morreram a cada dia. Segundo o minist\u00e9rio, grande parte dessas mortes \u00e9 evit\u00e1vel e 37% dessas mortes s\u00e3o precoces, ou seja, em pessoas com menos de 70 anos de idade.<\/p>\n<p>O sal de cozinha \u00e9 um dos maiores vil\u00f5es da press\u00e3o alta. Isso porque o seu principal componente \u00e9 o s\u00f3dio, presente tamb\u00e9m em alimentos industrializados. Dados do minist\u00e9rio revelam ainda que, embora 90% dos homens e 70% das mulheres consumam mais sal do que o m\u00e1ximo recomendado, 85,1% dos brasileiros adultos consideram seu consumo de sal adequado.<\/p>\n<h2>Preven\u00e7\u00e3o e diagn\u00f3stico<\/h2>\n<p>Para o combate \u00e0 hipertens\u00e3o, o minist\u00e9rio recomenda a ado\u00e7\u00e3o de um estilo de vida saud\u00e1vel desde a inf\u00e2ncia at\u00e9 a terceira idade e a realiza\u00e7\u00e3o dos exames de sa\u00fade pelo menos uma vez no ano. A pr\u00e1tica de exerc\u00edcios f\u00edsicos \u00e9 outro h\u00e1bito recomendado pela pasta.<\/p>\n<h2>Tratamento<\/h2>\n<p>Atualmente, o Sistema \u00danico de Sa\u00fade (SUS) fornece medicamentos para hipertens\u00e3o em unidades b\u00e1sicas de sa\u00fade e em cerca de 31 mil unidades farmac\u00eauticas credenciadas ao programa Farm\u00e1cia Popular.<\/p>\n<p>Para retirar os rem\u00e9dios, \u00e9 preciso apresentar um documento de identidade com foto, CPF e receita m\u00e9dica dentro do prazo de validade (120 dias). A receita pode ser emitida por um profissional da rede p\u00fablica ou de hospitais e cl\u00ednicas privadas.<\/p>\n<p>Fonte: Ag\u00eancia Brasil<\/p>\n","protected":false},"excerpt":{"rendered":"<p>Uma pesquisa do Sistema de Vigil\u00e2ncia de Fatores de Risco e Prote\u00e7\u00e3o para Doen\u00e7as Cr\u00f4nicas por Inqu\u00e9rito Telef\u00f4nico (Vigitel 2018) mostrou que a hipertens\u00e3o atinge 24,7% dos moradores das capitais do Brasil. Do grupo de entrevistados, 60,9% de pessoas com mais de 65 anos disseram ser hipertensas. \u00c9 o grupo mais significativo. Entre os entrevistados [&hellip;]<\/p>\n","protected":false},"author":96,"featured_media":140419,"comment_status":"closed","ping_status":"closed","sticky":false,"template":"","format":"standard","meta":{"footnotes":""},"categories":[302,436,439],"tags":[],"class_list":["post-140416","post","type-post","status-publish","format-standard","has-post-thumbnail","hentry","category-brasil-mundo","category-destaque-da-semana","category-ultima-hora"],"_links":{"self":[{"href":"https:\/\/diarioregionaldigital.com.br\/index.php?rest_route=\/wp\/v2\/posts\/140416","targetHints":{"allow":["GET"]}}],"collection":[{"href":"https:\/\/diarioregionaldigital.com.br\/index.php?rest_route=\/wp\/v2\/posts"}],"about":[{"href":"https:\/\/diarioregionaldigital.com.br\/index.php?rest_route=\/wp\/v2\/types\/post"}],"author":[{"embeddable":true,"href":"https:\/\/diarioregionaldigital.com.br\/index.php?rest_route=\/wp\/v2\/users\/96"}],"replies":[{"embeddable":true,"href":"https:\/\/diarioregionaldigital.com.br\/index.php?rest_route=%2Fwp%2Fv2%2Fcomments&post=140416"}],"version-history":[{"count":0,"href":"https:\/\/diarioregionaldigital.com.br\/index.php?rest_route=\/wp\/v2\/posts\/140416\/revisions"}],"wp:featuredmedia":[{"embeddable":true,"href":"https:\/\/diarioregionaldigital.com.br\/index.php?rest_route=\/wp\/v2\/media\/140419"}],"wp:attachment":[{"href":"https:\/\/diarioregionaldigital.com.br\/index.php?rest_route=%2Fwp%2Fv2%2Fmedia&parent=140416"}],"wp:term":[{"taxonomy":"category","embeddable":true,"href":"https:\/\/diarioregionaldigital.com.br\/index.php?rest_route=%2Fwp%2Fv2%2Fcategories&post=140416"},{"taxonomy":"post_tag","embeddable":true,"href":"https:\/\/diarioregionaldigital.com.br\/index.php?rest_route=%2Fwp%2Fv2%2Ftags&post=140416"}],"curies":[{"name":"wp","href":"https:\/\/api.w.org\/{rel}","templated":true}]}}